{"id":7781,"date":"2026-01-08T00:20:39","date_gmt":"2026-01-07T19:20:39","guid":{"rendered":"https:\/\/www.eminser.com.co\/web\/?p=7781"},"modified":"2026-01-09T00:29:32","modified_gmt":"2026-01-08T19:29:32","slug":"homenaje-a-tres-colaboradores-excepcionales","status":"publish","type":"post","link":"https:\/\/www.eminser.com.co\/web\/homenaje-a-tres-colaboradores-excepcionales\/","title":{"rendered":"Homenaje a tres colaboradores excepcionales"},"content":{"rendered":"\t\t<div data-elementor-type=\"wp-post\" data-elementor-id=\"7781\" class=\"elementor elementor-7781\">\n\t\t\t\t\t\t<section class=\"elementor-section elementor-top-section elementor-element elementor-element-9555209 elementor-section-boxed elementor-section-height-default elementor-section-height-default wpr-particle-no wpr-jarallax-no wpr-parallax-no wpr-sticky-section-no wpr-column-slider-no wpr-equal-height-no\" data-id=\"9555209\" data-element_type=\"section\" data-e-type=\"section\">\n\t\t\t\t\t\t<div class=\"elementor-container elementor-column-gap-default\">\n\t\t\t\t\t<div class=\"elementor-column elementor-col-100 elementor-top-column elementor-element elementor-element-d0acb71\" data-id=\"d0acb71\" data-element_type=\"column\" data-e-type=\"column\">\n\t\t\t<div class=\"elementor-widget-wrap elementor-element-populated\">\n\t\t\t\t\t\t<div class=\"elementor-element elementor-element-b174f57 elementor-widget elementor-widget-text-editor\" data-id=\"b174f57\" data-element_type=\"widget\" data-e-type=\"widget\" data-widget_type=\"text-editor.default\">\n\t\t\t\t<div class=\"elementor-widget-container\">\n\t\t\t\t\t\t\t\t\t<p><span style=\"font-family: mongolian-baiti; color: #000000;\">En <b>EMINSER<\/b>, creemos firmemente que los grandes logros no son fruto de la casualidad, sino del esfuerzo coordinado de personas extraordinarias. El pasado, 22 de diceimbre\u00a0 nos reunimos para rendir tributo a quienes, con su entrega, marcan la diferencia.<\/span><\/p><p><span style=\"font-family: mongolian-baiti; color: #000000;\">Esta reuni\u00f3n se llev\u00f3 acabo en la Escuela de Caballer\u00eda Regimiento San Jorge, donde 3 colaboradores excepcionales (Marleny Figueroa Beltr\u00e1n, Edelmira Parra Torres, y Jorge Hern\u00e1n L\u00f3pez), recibieron un reconocimiento hacia su labor.\u00a0<\/span><\/p><p><span style=\"font-family: mongolian-baiti; color: #000000;\">Esta velada de condecoraci\u00f3n, tuvo lugar\u00a0 por los servicios prestados en grado de 10 a\u00f1os y 20 a\u00f1os, quienes por su trayectoria, integridad y compromiso inquebrantable han sido parte fundamental en el crecimiento de la organizaci\u00f3n, donde sin medida han aportado sus capacidades y talentos de forma permanente durante todos estos a\u00f1os. Por tal motivo, quisimos que este momento fuera un testimonio vivo de admiraci\u00f3n y respeto hacia la labor de estos tres colaboradores.\u00a0<\/span><\/p><p><span style=\"font-family: mongolian-baiti; color: #000000;\">Cumplir varios a\u00f1os en una organizaci\u00f3n es testimonio no solo de una virtud, sino de un valor moral: La lealtad, que hoy en d\u00eda es escasa y se negocia a beneficio personal. Su experiencia y trayectoria es nuestro mayor activo y el mejor ejemplo para las nuevas generaciones. Es por ello, que como organizaci\u00f3n nos llen\u00f3 de orgullo conmemorar a nuestros colaboradores. Donde se hizo entrega de unas placas, medallas y un detalle especial por parte de la gerencia. La presencia de familiares de los homenajeados a\u00f1adi\u00f3 un toque personal y emotivo a este evento, convirtiendolo en un momento inolvidable para todos los presentes.<\/span><\/p>\t\t\t\t\t\t\t\t<\/div>\n\t\t\t\t<\/div>\n\t\t\t\t<div class=\"elementor-element elementor-element-3efae0c elementor-widget elementor-widget-image\" data-id=\"3efae0c\" data-element_type=\"widget\" data-e-type=\"widget\" data-widget_type=\"image.default\">\n\t\t\t\t<div class=\"elementor-widget-container\">\n\t\t\t\t\t\t\t\t\t\t\t\t\t\t\t<img fetchpriority=\"high\" decoding=\"async\" width=\"983\" height=\"1024\" src=\"https:\/\/www.eminser.com.co\/web\/wp-content\/uploads\/2026\/01\/DSC_0909-983x1024.jpg\" class=\"attachment-large size-large wp-image-7794\" alt=\"\" srcset=\"https:\/\/www.eminser.com.co\/web\/wp-content\/uploads\/2026\/01\/DSC_0909-983x1024.jpg 983w, https:\/\/www.eminser.com.co\/web\/wp-content\/uploads\/2026\/01\/DSC_0909-288x300.jpg 288w, https:\/\/www.eminser.com.co\/web\/wp-content\/uploads\/2026\/01\/DSC_0909-768x800.jpg 768w, https:\/\/www.eminser.com.co\/web\/wp-content\/uploads\/2026\/01\/DSC_0909-1475x1536.jpg 1475w, https:\/\/www.eminser.com.co\/web\/wp-content\/uploads\/2026\/01\/DSC_0909-1967x2048.jpg 1967w\" sizes=\"(max-width: 983px) 100vw, 983px\" \/>\t\t\t\t\t\t\t\t\t\t\t\t\t\t\t<\/div>\n\t\t\t\t<\/div>\n\t\t\t\t<div class=\"elementor-element elementor-element-3ed9a69 elementor-widget elementor-widget-text-editor\" data-id=\"3ed9a69\" data-element_type=\"widget\" data-e-type=\"widget\" data-widget_type=\"text-editor.default\">\n\t\t\t\t<div class=\"elementor-widget-container\">\n\t\t\t\t\t\t\t\t\t<p><span style=\"font-style: inherit; font-weight: inherit; font-family: mongolian-baiti; color: #000000;\">Tras la ceremonia, la noche se transform\u00f3 en una vibrante celebraci\u00f3n de fin de a\u00f1o para los colaboradores y administrativos. Entre risas, m\u00fasica y rifas que permiti\u00f3 compartir y festejar por el a\u00f1o culminado y fijar nuestro compromiso de iniciar el 2026 con la misma energ\u00eda y visi\u00f3n de excelencia.<\/span><\/p>\t\t\t\t\t\t\t\t<\/div>\n\t\t\t\t<\/div>\n\t\t\t\t\t<\/div>\n\t\t<\/div>\n\t\t\t\t\t<\/div>\n\t\t<\/section>\n\t\t\t\t<section class=\"elementor-section elementor-top-section elementor-element elementor-element-6d5e3d9 elementor-section-boxed elementor-section-height-default elementor-section-height-default wpr-particle-no wpr-jarallax-no wpr-parallax-no wpr-sticky-section-no wpr-column-slider-no wpr-equal-height-no\" data-id=\"6d5e3d9\" data-element_type=\"section\" data-e-type=\"section\">\n\t\t\t\t\t\t<div class=\"elementor-container elementor-column-gap-default\">\n\t\t\t\t\t<div class=\"elementor-column elementor-col-100 elementor-top-column elementor-element elementor-element-651d4e5\" data-id=\"651d4e5\" data-element_type=\"column\" data-e-type=\"column\">\n\t\t\t<div class=\"elementor-widget-wrap elementor-element-populated\">\n\t\t\t\t\t\t<div class=\"elementor-element elementor-element-e3af72d elementor-widget elementor-widget-image\" data-id=\"e3af72d\" data-element_type=\"widget\" data-e-type=\"widget\" data-widget_type=\"image.default\">\n\t\t\t\t<div class=\"elementor-widget-container\">\n\t\t\t\t\t\t\t\t\t\t\t\t\t\t\t<img decoding=\"async\" width=\"1024\" height=\"683\" src=\"https:\/\/www.eminser.com.co\/web\/wp-content\/uploads\/2026\/01\/DSC_1042-1024x683.jpg\" class=\"attachment-large size-large wp-image-7790\" alt=\"\" srcset=\"https:\/\/www.eminser.com.co\/web\/wp-content\/uploads\/2026\/01\/DSC_1042-1024x683.jpg 1024w, https:\/\/www.eminser.com.co\/web\/wp-content\/uploads\/2026\/01\/DSC_1042-300x200.jpg 300w, https:\/\/www.eminser.com.co\/web\/wp-content\/uploads\/2026\/01\/DSC_1042-768x512.jpg 768w, https:\/\/www.eminser.com.co\/web\/wp-content\/uploads\/2026\/01\/DSC_1042-1536x1024.jpg 1536w, https:\/\/www.eminser.com.co\/web\/wp-content\/uploads\/2026\/01\/DSC_1042-2048x1365.jpg 2048w\" sizes=\"(max-width: 1024px) 100vw, 1024px\" \/>\t\t\t\t\t\t\t\t\t\t\t\t\t\t\t<\/div>\n\t\t\t\t<\/div>\n\t\t\t\t\t<\/div>\n\t\t<\/div>\n\t\t\t\t\t<\/div>\n\t\t<\/section>\n\t\t\t\t<\/div>\n\t\t","protected":false},"excerpt":{"rendered":"<p>En EMINSER, creemos firmemente que los grandes logros no son fruto de la casualidad, sino del esfuerzo coordinado de personas extraordinarias. El pasado, 22 de diceimbre\u00a0 nos reunimos para rendir tributo a quienes, con su entrega, marcan la diferencia. Esta reuni\u00f3n se llev\u00f3 acabo en la Escuela de Caballer\u00eda Regimiento San Jorge, donde 3 colaboradores excepcionales (Marleny Figueroa Beltr\u00e1n, Edelmira Parra Torres, y Jorge Hern\u00e1n L\u00f3pez), recibieron un reconocimiento hacia su labor.\u00a0 Esta velada de condecoraci\u00f3n, tuvo lugar\u00a0 por los servicios prestados en grado de 10 a\u00f1os y 20 a\u00f1os, quienes por su trayectoria, integridad y compromiso inquebrantable han sido parte fundamental en el crecimiento de la organizaci\u00f3n, donde sin medida han aportado sus capacidades y talentos de forma permanente durante todos estos a\u00f1os. Por tal motivo, quisimos que este momento fuera un testimonio vivo de admiraci\u00f3n y respeto hacia la labor de estos tres colaboradores.\u00a0 Cumplir varios a\u00f1os en una organizaci\u00f3n es testimonio no solo de una virtud, sino de un valor moral: La lealtad, que hoy en d\u00eda es escasa y se negocia a beneficio personal. Su experiencia y trayectoria es nuestro mayor activo y el mejor ejemplo para las nuevas generaciones. Es por ello, que como organizaci\u00f3n nos llen\u00f3 de orgullo conmemorar a nuestros colaboradores. Donde se hizo entrega de unas placas, medallas y un detalle especial por parte de la gerencia. La presencia de familiares de los homenajeados a\u00f1adi\u00f3 un toque personal y emotivo a este evento, convirtiendolo en un momento inolvidable para todos los presentes. Tras la ceremonia, la noche se transform\u00f3 en una vibrante celebraci\u00f3n de fin de a\u00f1o para los colaboradores y administrativos. Entre risas, m\u00fasica y rifas que permiti\u00f3 compartir y festejar por el a\u00f1o culminado y fijar nuestro compromiso de iniciar el 2026 con la misma energ\u00eda y visi\u00f3n de excelencia.<\/p>\n","protected":false},"author":1,"featured_media":7784,"comment_status":"closed","ping_status":"closed","sticky":false,"template":"","format":"standard","meta":{"site-sidebar-layout":"default","site-content-layout":"","ast-site-content-layout":"default","site-content-style":"default","site-sidebar-style":"default","ast-global-header-display":"","ast-banner-title-visibility":"","ast-main-header-display":"","ast-hfb-above-header-display":"","ast-hfb-below-header-display":"","ast-hfb-mobile-header-display":"","site-post-title":"","ast-breadcrumbs-content":"","ast-featured-img":"","footer-sml-layout":"","ast-disable-related-posts":"","theme-transparent-header-meta":"default","adv-header-id-meta":"","stick-header-meta":"","header-above-stick-meta":"","header-main-stick-meta":"","header-below-stick-meta":"","astra-migrate-meta-layouts":"set","ast-page-background-enabled":"default","ast-page-background-meta":{"desktop":{"background-color":"var(--ast-global-color-4)","background-image":"","background-repeat":"repeat","background-position":"center center","background-size":"auto","background-attachment":"scroll","background-type":"","background-media":"","overlay-type":"","overlay-color":"","overlay-opacity":"","overlay-gradient":""},"tablet":{"background-color":"","background-image":"","background-repeat":"repeat","background-position":"center center","background-size":"auto","background-attachment":"scroll","background-type":"","background-media":"","overlay-type":"","overlay-color":"","overlay-opacity":"","overlay-gradient":""},"mobile":{"background-color":"","background-image":"","background-repeat":"repeat","background-position":"center center","background-size":"auto","background-attachment":"scroll","background-type":"","background-media":"","overlay-type":"","overlay-color":"","overlay-opacity":"","overlay-gradient":""}},"ast-content-background-meta":{"desktop":{"background-color":"var(--ast-global-color-5)","background-image":"","background-repeat":"repeat","background-position":"center center","background-size":"auto","background-attachment":"scroll","background-type":"","background-media":"","overlay-type":"","overlay-color":"","overlay-opacity":"","overlay-gradient":""},"tablet":{"background-color":"var(--ast-global-color-5)","background-image":"","background-repeat":"repeat","background-position":"center center","background-size":"auto","background-attachment":"scroll","background-type":"","background-media":"","overlay-type":"","overlay-color":"","overlay-opacity":"","overlay-gradient":""},"mobile":{"background-color":"var(--ast-global-color-5)","background-image":"","background-repeat":"repeat","background-position":"center center","background-size":"auto","background-attachment":"scroll","background-type":"","background-media":"","overlay-type":"","overlay-color":"","overlay-opacity":"","overlay-gradient":""}},"footnotes":""},"categories":[1],"tags":[],"class_list":["post-7781","post","type-post","status-publish","format-standard","has-post-thumbnail","hentry","category-sst"],"yoast_head":"<!-- This site is optimized with the Yoast SEO plugin v28.3 - https:\/\/yoast.com\/product\/yoast-seo-wordpress\/ -->\n<title>Homenaje a tres colaboradores excepcionales - Eminser<\/title>\n<meta name=\"description\" content=\"Como empresa nos enorgullese reconocer la labor de 3 colaboradores excepcionales por sus a\u00f1os de servicio en el sector de la limpieza\" \/>\n<meta name=\"robots\" content=\"index, follow, max-snippet:-1, max-image-preview:large, max-video-preview:-1\" \/>\n<link rel=\"canonical\" href=\"https:\/\/www.eminser.com.co\/web\/homenaje-a-tres-colaboradores-excepcionales\/\" \/>\n<meta property=\"og:locale\" content=\"es_ES\" \/>\n<meta property=\"og:type\" content=\"article\" \/>\n<meta property=\"og:title\" content=\"Homenaje a tres colaboradores excepcionales - Eminser\" \/>\n<meta property=\"og:description\" content=\"Como empresa nos enorgullese reconocer la labor de 3 colaboradores excepcionales por sus a\u00f1os de servicio en el sector de la limpieza\" \/>\n<meta property=\"og:url\" content=\"https:\/\/www.eminser.com.co\/web\/homenaje-a-tres-colaboradores-excepcionales\/\" \/>\n<meta property=\"og:site_name\" content=\"Eminser\" \/>\n<meta property=\"article:publisher\" content=\"https:\/\/www.facebook.com\/eminser.sas1\" \/>\n<meta property=\"article:published_time\" content=\"2026-01-07T19:20:39+00:00\" \/>\n<meta property=\"article:modified_time\" content=\"2026-01-08T19:29:32+00:00\" \/>\n<meta property=\"og:image\" content=\"https:\/\/www.eminser.com.co\/web\/wp-content\/uploads\/2026\/01\/Diseno-sin-titulo-6-1024x576.png\" \/>\n\t<meta property=\"og:image:width\" content=\"1024\" \/>\n\t<meta property=\"og:image:height\" content=\"576\" \/>\n\t<meta property=\"og:image:type\" content=\"image\/png\" \/>\n<meta name=\"author\" content=\"Julian Felipe\" \/>\n<meta name=\"twitter:card\" content=\"summary_large_image\" \/>\n<meta name=\"twitter:label1\" content=\"Escrito por\" \/>\n\t<meta name=\"twitter:data1\" content=\"Julian Felipe\" \/>\n\t<meta name=\"twitter:label2\" content=\"Tiempo de lectura\" \/>\n\t<meta name=\"twitter:data2\" content=\"2 minutos\" \/>\n<script type=\"application\/ld+json\" class=\"yoast-schema-graph\">{\"@context\":\"https:\\\/\\\/schema.org\",\"@graph\":[{\"@type\":\"Article\",\"@id\":\"https:\\\/\\\/www.eminser.com.co\\\/web\\\/homenaje-a-tres-colaboradores-excepcionales\\\/#article\",\"isPartOf\":{\"@id\":\"https:\\\/\\\/www.eminser.com.co\\\/web\\\/homenaje-a-tres-colaboradores-excepcionales\\\/\"},\"author\":{\"name\":\"Julian Felipe\",\"@id\":\"https:\\\/\\\/www.eminser.com.co\\\/web\\\/#\\\/schema\\\/person\\\/880519565c85bd8140773a16b1e6cf1c\"},\"headline\":\"Homenaje a tres colaboradores excepcionales\",\"datePublished\":\"2026-01-07T19:20:39+00:00\",\"dateModified\":\"2026-01-08T19:29:32+00:00\",\"mainEntityOfPage\":{\"@id\":\"https:\\\/\\\/www.eminser.com.co\\\/web\\\/homenaje-a-tres-colaboradores-excepcionales\\\/\"},\"wordCount\":322,\"publisher\":{\"@id\":\"https:\\\/\\\/www.eminser.com.co\\\/web\\\/#organization\"},\"image\":{\"@id\":\"https:\\\/\\\/www.eminser.com.co\\\/web\\\/homenaje-a-tres-colaboradores-excepcionales\\\/#primaryimage\"},\"thumbnailUrl\":\"https:\\\/\\\/www.eminser.com.co\\\/web\\\/wp-content\\\/uploads\\\/2026\\\/01\\\/Diseno-sin-titulo-6.png\",\"articleSection\":[\"Seguridad y Salud en el Trabajo\"],\"inLanguage\":\"es\"},{\"@type\":\"WebPage\",\"@id\":\"https:\\\/\\\/www.eminser.com.co\\\/web\\\/homenaje-a-tres-colaboradores-excepcionales\\\/\",\"url\":\"https:\\\/\\\/www.eminser.com.co\\\/web\\\/homenaje-a-tres-colaboradores-excepcionales\\\/\",\"name\":\"Homenaje a tres colaboradores excepcionales - Eminser\",\"isPartOf\":{\"@id\":\"https:\\\/\\\/www.eminser.com.co\\\/web\\\/#website\"},\"primaryImageOfPage\":{\"@id\":\"https:\\\/\\\/www.eminser.com.co\\\/web\\\/homenaje-a-tres-colaboradores-excepcionales\\\/#primaryimage\"},\"image\":{\"@id\":\"https:\\\/\\\/www.eminser.com.co\\\/web\\\/homenaje-a-tres-colaboradores-excepcionales\\\/#primaryimage\"},\"thumbnailUrl\":\"https:\\\/\\\/www.eminser.com.co\\\/web\\\/wp-content\\\/uploads\\\/2026\\\/01\\\/Diseno-sin-titulo-6.png\",\"datePublished\":\"2026-01-07T19:20:39+00:00\",\"dateModified\":\"2026-01-08T19:29:32+00:00\",\"description\":\"Como empresa nos enorgullese reconocer la labor de 3 colaboradores excepcionales por sus a\u00f1os de servicio en el sector de la limpieza\",\"breadcrumb\":{\"@id\":\"https:\\\/\\\/www.eminser.com.co\\\/web\\\/homenaje-a-tres-colaboradores-excepcionales\\\/#breadcrumb\"},\"inLanguage\":\"es\",\"potentialAction\":[{\"@type\":\"ReadAction\",\"target\":[\"https:\\\/\\\/www.eminser.com.co\\\/web\\\/homenaje-a-tres-colaboradores-excepcionales\\\/\"]}]},{\"@type\":\"ImageObject\",\"inLanguage\":\"es\",\"@id\":\"https:\\\/\\\/www.eminser.com.co\\\/web\\\/homenaje-a-tres-colaboradores-excepcionales\\\/#primaryimage\",\"url\":\"https:\\\/\\\/www.eminser.com.co\\\/web\\\/wp-content\\\/uploads\\\/2026\\\/01\\\/Diseno-sin-titulo-6.png\",\"contentUrl\":\"https:\\\/\\\/www.eminser.com.co\\\/web\\\/wp-content\\\/uploads\\\/2026\\\/01\\\/Diseno-sin-titulo-6.png\",\"width\":1920,\"height\":1080},{\"@type\":\"BreadcrumbList\",\"@id\":\"https:\\\/\\\/www.eminser.com.co\\\/web\\\/homenaje-a-tres-colaboradores-excepcionales\\\/#breadcrumb\",\"itemListElement\":[{\"@type\":\"ListItem\",\"position\":1,\"name\":\"Portada\",\"item\":\"https:\\\/\\\/www.eminser.com.co\\\/web\\\/\"},{\"@type\":\"ListItem\",\"position\":2,\"name\":\"Homenaje a tres colaboradores excepcionales\"}]},{\"@type\":\"WebSite\",\"@id\":\"https:\\\/\\\/www.eminser.com.co\\\/web\\\/#website\",\"url\":\"https:\\\/\\\/www.eminser.com.co\\\/web\\\/\",\"name\":\"Eminser S.A.S\",\"description\":\"Empresa de servicios de aseo\",\"publisher\":{\"@id\":\"https:\\\/\\\/www.eminser.com.co\\\/web\\\/#organization\"},\"potentialAction\":[{\"@type\":\"SearchAction\",\"target\":{\"@type\":\"EntryPoint\",\"urlTemplate\":\"https:\\\/\\\/www.eminser.com.co\\\/web\\\/?s={search_term_string}\"},\"query-input\":{\"@type\":\"PropertyValueSpecification\",\"valueRequired\":true,\"valueName\":\"search_term_string\"}}],\"inLanguage\":\"es\"},{\"@type\":\"Organization\",\"@id\":\"https:\\\/\\\/www.eminser.com.co\\\/web\\\/#organization\",\"name\":\"Eminser S.A.S\",\"url\":\"https:\\\/\\\/www.eminser.com.co\\\/web\\\/\",\"logo\":{\"@type\":\"ImageObject\",\"inLanguage\":\"es\",\"@id\":\"https:\\\/\\\/www.eminser.com.co\\\/web\\\/#\\\/schema\\\/logo\\\/image\\\/\",\"url\":\"https:\\\/\\\/www.eminser.com.co\\\/web\\\/wp-content\\\/uploads\\\/2022\\\/08\\\/Recurso-2.png\",\"contentUrl\":\"https:\\\/\\\/www.eminser.com.co\\\/web\\\/wp-content\\\/uploads\\\/2022\\\/08\\\/Recurso-2.png\",\"width\":1788,\"height\":805,\"caption\":\"Eminser S.A.S\"},\"image\":{\"@id\":\"https:\\\/\\\/www.eminser.com.co\\\/web\\\/#\\\/schema\\\/logo\\\/image\\\/\"},\"sameAs\":[\"https:\\\/\\\/www.facebook.com\\\/eminser.sas1\",\"https:\\\/\\\/www.instagram.com\\\/eminser.sas\\\/\",\"https:\\\/\\\/www.linkedin.com\\\/company\\\/eminser\\\/\"]},{\"@type\":\"Person\",\"@id\":\"https:\\\/\\\/www.eminser.com.co\\\/web\\\/#\\\/schema\\\/person\\\/880519565c85bd8140773a16b1e6cf1c\",\"name\":\"Julian Felipe\",\"image\":{\"@type\":\"ImageObject\",\"inLanguage\":\"es\",\"@id\":\"https:\\\/\\\/secure.gravatar.com\\\/avatar\\\/1a51cc1655a902c5b1978ccee07c3890b923ef893962d606b3aaab1de765d15d?s=96&d=mm&r=g\",\"url\":\"https:\\\/\\\/secure.gravatar.com\\\/avatar\\\/1a51cc1655a902c5b1978ccee07c3890b923ef893962d606b3aaab1de765d15d?s=96&d=mm&r=g\",\"contentUrl\":\"https:\\\/\\\/secure.gravatar.com\\\/avatar\\\/1a51cc1655a902c5b1978ccee07c3890b923ef893962d606b3aaab1de765d15d?s=96&d=mm&r=g\",\"caption\":\"Julian Felipe\"}}]}<\/script>\n<!-- \/ Yoast SEO plugin. -->","yoast_head_json":{"title":"Homenaje a tres colaboradores excepcionales - Eminser","description":"Como empresa nos enorgullese reconocer la labor de 3 colaboradores excepcionales por sus a\u00f1os de servicio en el sector de la limpieza","robots":{"index":"index","follow":"follow","max-snippet":"max-snippet:-1","max-image-preview":"max-image-preview:large","max-video-preview":"max-video-preview:-1"},"canonical":"https:\/\/www.eminser.com.co\/web\/homenaje-a-tres-colaboradores-excepcionales\/","og_locale":"es_ES","og_type":"article","og_title":"Homenaje a tres colaboradores excepcionales - Eminser","og_description":"Como empresa nos enorgullese reconocer la labor de 3 colaboradores excepcionales por sus a\u00f1os de servicio en el sector de la limpieza","og_url":"https:\/\/www.eminser.com.co\/web\/homenaje-a-tres-colaboradores-excepcionales\/","og_site_name":"Eminser","article_publisher":"https:\/\/www.facebook.com\/eminser.sas1","article_published_time":"2026-01-07T19:20:39+00:00","article_modified_time":"2026-01-08T19:29:32+00:00","og_image":[{"width":1024,"height":576,"url":"https:\/\/www.eminser.com.co\/web\/wp-content\/uploads\/2026\/01\/Diseno-sin-titulo-6-1024x576.png","type":"image\/png"}],"author":"Julian Felipe","twitter_card":"summary_large_image","twitter_misc":{"Escrito por":"Julian Felipe","Tiempo de lectura":"2 minutos"},"schema":{"@context":"https:\/\/schema.org","@graph":[{"@type":"Article","@id":"https:\/\/www.eminser.com.co\/web\/homenaje-a-tres-colaboradores-excepcionales\/#article","isPartOf":{"@id":"https:\/\/www.eminser.com.co\/web\/homenaje-a-tres-colaboradores-excepcionales\/"},"author":{"name":"Julian Felipe","@id":"https:\/\/www.eminser.com.co\/web\/#\/schema\/person\/880519565c85bd8140773a16b1e6cf1c"},"headline":"Homenaje a tres colaboradores excepcionales","datePublished":"2026-01-07T19:20:39+00:00","dateModified":"2026-01-08T19:29:32+00:00","mainEntityOfPage":{"@id":"https:\/\/www.eminser.com.co\/web\/homenaje-a-tres-colaboradores-excepcionales\/"},"wordCount":322,"publisher":{"@id":"https:\/\/www.eminser.com.co\/web\/#organization"},"image":{"@id":"https:\/\/www.eminser.com.co\/web\/homenaje-a-tres-colaboradores-excepcionales\/#primaryimage"},"thumbnailUrl":"https:\/\/www.eminser.com.co\/web\/wp-content\/uploads\/2026\/01\/Diseno-sin-titulo-6.png","articleSection":["Seguridad y Salud en el Trabajo"],"inLanguage":"es"},{"@type":"WebPage","@id":"https:\/\/www.eminser.com.co\/web\/homenaje-a-tres-colaboradores-excepcionales\/","url":"https:\/\/www.eminser.com.co\/web\/homenaje-a-tres-colaboradores-excepcionales\/","name":"Homenaje a tres colaboradores excepcionales - Eminser","isPartOf":{"@id":"https:\/\/www.eminser.com.co\/web\/#website"},"primaryImageOfPage":{"@id":"https:\/\/www.eminser.com.co\/web\/homenaje-a-tres-colaboradores-excepcionales\/#primaryimage"},"image":{"@id":"https:\/\/www.eminser.com.co\/web\/homenaje-a-tres-colaboradores-excepcionales\/#primaryimage"},"thumbnailUrl":"https:\/\/www.eminser.com.co\/web\/wp-content\/uploads\/2026\/01\/Diseno-sin-titulo-6.png","datePublished":"2026-01-07T19:20:39+00:00","dateModified":"2026-01-08T19:29:32+00:00","description":"Como empresa nos enorgullese reconocer la labor de 3 colaboradores excepcionales por sus a\u00f1os de servicio en el sector de la limpieza","breadcrumb":{"@id":"https:\/\/www.eminser.com.co\/web\/homenaje-a-tres-colaboradores-excepcionales\/#breadcrumb"},"inLanguage":"es","potentialAction":[{"@type":"ReadAction","target":["https:\/\/www.eminser.com.co\/web\/homenaje-a-tres-colaboradores-excepcionales\/"]}]},{"@type":"ImageObject","inLanguage":"es","@id":"https:\/\/www.eminser.com.co\/web\/homenaje-a-tres-colaboradores-excepcionales\/#primaryimage","url":"https:\/\/www.eminser.com.co\/web\/wp-content\/uploads\/2026\/01\/Diseno-sin-titulo-6.png","contentUrl":"https:\/\/www.eminser.com.co\/web\/wp-content\/uploads\/2026\/01\/Diseno-sin-titulo-6.png","width":1920,"height":1080},{"@type":"BreadcrumbList","@id":"https:\/\/www.eminser.com.co\/web\/homenaje-a-tres-colaboradores-excepcionales\/#breadcrumb","itemListElement":[{"@type":"ListItem","position":1,"name":"Portada","item":"https:\/\/www.eminser.com.co\/web\/"},{"@type":"ListItem","position":2,"name":"Homenaje a tres colaboradores excepcionales"}]},{"@type":"WebSite","@id":"https:\/\/www.eminser.com.co\/web\/#website","url":"https:\/\/www.eminser.com.co\/web\/","name":"Eminser S.A.S","description":"Empresa de servicios de aseo","publisher":{"@id":"https:\/\/www.eminser.com.co\/web\/#organization"},"potentialAction":[{"@type":"SearchAction","target":{"@type":"EntryPoint","urlTemplate":"https:\/\/www.eminser.com.co\/web\/?s={search_term_string}"},"query-input":{"@type":"PropertyValueSpecification","valueRequired":true,"valueName":"search_term_string"}}],"inLanguage":"es"},{"@type":"Organization","@id":"https:\/\/www.eminser.com.co\/web\/#organization","name":"Eminser S.A.S","url":"https:\/\/www.eminser.com.co\/web\/","logo":{"@type":"ImageObject","inLanguage":"es","@id":"https:\/\/www.eminser.com.co\/web\/#\/schema\/logo\/image\/","url":"https:\/\/www.eminser.com.co\/web\/wp-content\/uploads\/2022\/08\/Recurso-2.png","contentUrl":"https:\/\/www.eminser.com.co\/web\/wp-content\/uploads\/2022\/08\/Recurso-2.png","width":1788,"height":805,"caption":"Eminser S.A.S"},"image":{"@id":"https:\/\/www.eminser.com.co\/web\/#\/schema\/logo\/image\/"},"sameAs":["https:\/\/www.facebook.com\/eminser.sas1","https:\/\/www.instagram.com\/eminser.sas\/","https:\/\/www.linkedin.com\/company\/eminser\/"]},{"@type":"Person","@id":"https:\/\/www.eminser.com.co\/web\/#\/schema\/person\/880519565c85bd8140773a16b1e6cf1c","name":"Julian Felipe","image":{"@type":"ImageObject","inLanguage":"es","@id":"https:\/\/secure.gravatar.com\/avatar\/1a51cc1655a902c5b1978ccee07c3890b923ef893962d606b3aaab1de765d15d?s=96&d=mm&r=g","url":"https:\/\/secure.gravatar.com\/avatar\/1a51cc1655a902c5b1978ccee07c3890b923ef893962d606b3aaab1de765d15d?s=96&d=mm&r=g","contentUrl":"https:\/\/secure.gravatar.com\/avatar\/1a51cc1655a902c5b1978ccee07c3890b923ef893962d606b3aaab1de765d15d?s=96&d=mm&r=g","caption":"Julian Felipe"}}]}},"amp_enabled":true,"rttpg_featured_image_url":{"full":["https:\/\/www.eminser.com.co\/web\/wp-content\/uploads\/2026\/01\/Diseno-sin-titulo-6.png",1920,1080,false],"landscape":["https:\/\/www.eminser.com.co\/web\/wp-content\/uploads\/2026\/01\/Diseno-sin-titulo-6.png",1920,1080,false],"portraits":["https:\/\/www.eminser.com.co\/web\/wp-content\/uploads\/2026\/01\/Diseno-sin-titulo-6.png",1920,1080,false],"thumbnail":["https:\/\/www.eminser.com.co\/web\/wp-content\/uploads\/2026\/01\/Diseno-sin-titulo-6-150x150.png",150,150,true],"medium":["https:\/\/www.eminser.com.co\/web\/wp-content\/uploads\/2026\/01\/Diseno-sin-titulo-6-300x169.png",300,169,true],"large":["https:\/\/www.eminser.com.co\/web\/wp-content\/uploads\/2026\/01\/Diseno-sin-titulo-6-1024x576.png",1024,576,true],"1536x1536":["https:\/\/www.eminser.com.co\/web\/wp-content\/uploads\/2026\/01\/Diseno-sin-titulo-6-1536x864.png",1536,864,true],"2048x2048":["https:\/\/www.eminser.com.co\/web\/wp-content\/uploads\/2026\/01\/Diseno-sin-titulo-6.png",1920,1080,false],"qi_addons_for_elementor_image_size_square":["https:\/\/www.eminser.com.co\/web\/wp-content\/uploads\/2026\/01\/Diseno-sin-titulo-6-650x650.png",650,650,true],"qi_addons_for_elementor_image_size_landscape":["https:\/\/www.eminser.com.co\/web\/wp-content\/uploads\/2026\/01\/Diseno-sin-titulo-6-1300x650.png",1300,650,true],"qi_addons_for_elementor_image_size_portrait":["https:\/\/www.eminser.com.co\/web\/wp-content\/uploads\/2026\/01\/Diseno-sin-titulo-6-650x1080.png",650,1080,true],"qi_addons_for_elementor_image_size_huge-square":["https:\/\/www.eminser.com.co\/web\/wp-content\/uploads\/2026\/01\/Diseno-sin-titulo-6-1300x1080.png",1300,1080,true]},"rttpg_author":{"display_name":"Julian Felipe","author_link":"https:\/\/www.eminser.com.co\/web\/author\/eminser\/"},"rttpg_comment":0,"rttpg_category":"<a href=\"https:\/\/www.eminser.com.co\/web\/sst\/\" rel=\"category tag\">Seguridad y Salud en el Trabajo<\/a>","rttpg_excerpt":"En EMINSER, creemos firmemente que los grandes logros no son fruto de la casualidad, sino del esfuerzo coordinado de personas extraordinarias. El pasado, 22 de diceimbre\u00a0 nos reunimos para rendir tributo a quienes, con su entrega, marcan la diferencia. Esta reuni\u00f3n se llev\u00f3 acabo en la Escuela de Caballer\u00eda Regimiento San Jorge, donde 3 colaboradores&hellip;","_links":{"self":[{"href":"https:\/\/www.eminser.com.co\/web\/wp-json\/wp\/v2\/posts\/7781","targetHints":{"allow":["GET"]}}],"collection":[{"href":"https:\/\/www.eminser.com.co\/web\/wp-json\/wp\/v2\/posts"}],"about":[{"href":"https:\/\/www.eminser.com.co\/web\/wp-json\/wp\/v2\/types\/post"}],"author":[{"embeddable":true,"href":"https:\/\/www.eminser.com.co\/web\/wp-json\/wp\/v2\/users\/1"}],"replies":[{"embeddable":true,"href":"https:\/\/www.eminser.com.co\/web\/wp-json\/wp\/v2\/comments?post=7781"}],"version-history":[{"count":8,"href":"https:\/\/www.eminser.com.co\/web\/wp-json\/wp\/v2\/posts\/7781\/revisions"}],"predecessor-version":[{"id":7798,"href":"https:\/\/www.eminser.com.co\/web\/wp-json\/wp\/v2\/posts\/7781\/revisions\/7798"}],"wp:featuredmedia":[{"embeddable":true,"href":"https:\/\/www.eminser.com.co\/web\/wp-json\/wp\/v2\/media\/7784"}],"wp:attachment":[{"href":"https:\/\/www.eminser.com.co\/web\/wp-json\/wp\/v2\/media?parent=7781"}],"wp:term":[{"taxonomy":"category","embeddable":true,"href":"https:\/\/www.eminser.com.co\/web\/wp-json\/wp\/v2\/categories?post=7781"},{"taxonomy":"post_tag","embeddable":true,"href":"https:\/\/www.eminser.com.co\/web\/wp-json\/wp\/v2\/tags?post=7781"}],"curies":[{"name":"wp","href":"https:\/\/api.w.org\/{rel}","templated":true}]}}