{"id":7441,"date":"2025-10-03T19:03:00","date_gmt":"2025-10-03T14:03:00","guid":{"rendered":"https:\/\/www.eminser.com.co\/web\/?p=7441"},"modified":"2025-10-03T23:50:46","modified_gmt":"2025-10-03T18:50:46","slug":"grado-lideres-seguridad","status":"publish","type":"post","link":"https:\/\/www.eminser.com.co\/web\/grado-lideres-seguridad\/","title":{"rendered":"Graduaci\u00f3n de L\u00edderes Gestores de SST"},"content":{"rendered":"\t\t<div data-elementor-type=\"wp-post\" data-elementor-id=\"7441\" class=\"elementor elementor-7441\">\n\t\t\t\t\t\t<section class=\"elementor-section elementor-top-section elementor-element elementor-element-fd78025 elementor-section-boxed elementor-section-height-default elementor-section-height-default wpr-particle-no wpr-jarallax-no wpr-parallax-no wpr-sticky-section-no wpr-column-slider-no wpr-equal-height-no\" data-id=\"fd78025\" data-element_type=\"section\" data-e-type=\"section\">\n\t\t\t\t\t\t<div class=\"elementor-container elementor-column-gap-default\">\n\t\t\t\t\t<div class=\"elementor-column elementor-col-100 elementor-top-column elementor-element elementor-element-a75fcc3\" data-id=\"a75fcc3\" data-element_type=\"column\" data-e-type=\"column\">\n\t\t\t<div class=\"elementor-widget-wrap elementor-element-populated\">\n\t\t\t\t\t\t<div class=\"elementor-element elementor-element-88cc968 elementor-widget elementor-widget-text-editor\" data-id=\"88cc968\" data-element_type=\"widget\" data-e-type=\"widget\" data-widget_type=\"text-editor.default\">\n\t\t\t\t<div class=\"elementor-widget-container\">\n\t\t\t\t\t\t\t\t\t<p><br \/><span style=\"font-family: mongolian-baiti; color: #000000;\">Es un honor para Eminser S.A.S. anunciar que, durante el presente a\u00f1o 2025, se ha implementado con \u00e9xito el programa de <strong>formaci\u00f3n de l\u00edderes en Seguridad y Salud en el Trabajo<\/strong>, dirigido a los supervisores de nuestra organizaci\u00f3n. Esta iniciativa ha contado con el valioso respaldo de nuestro aliado estrat\u00e9gico, ARL SURA. A trav\u00e9s de este programa, nuestros supervisores han adquirido nuevas competencias y herramientas que les permitir\u00e1n, mediante su destacada labor, fomentar entornos laborales m\u00e1s seguros y saludables, manteniendo un enfoque preventivo constante en la prestaci\u00f3n del servicio.<\/span><\/p><p><span style=\"font-family: mongolian-baiti; color: #000000;\">Esta ceremonia de graduaci\u00f3n se llev\u00f3 acabo en las instalaciones de nuestro cliente Ministerio de Comercio, Industria y Turismo, para celebrar no solo un logro acad\u00e9mico, sino sobre todo el compromiso, la dedicaci\u00f3n y el crecimiento profesional que cada uno de nuestros supervisores ha demostrado a lo largo de este proceso. Contamos con la presencia de Nuestro Gerente General, la Gerente de Talento Humano, Jefe de Seguridad y Salud en el Trabajo y los consultores de ARL SURA.\u00a0<\/span><\/p><p><span style=\"font-family: mongolian-baiti; color: #000000;\">M\u00e1s de 19 supervisores recibieron el diploma que los acredita no solo como L\u00edderes Gestores de Seguridad y Salud en el Trabajo, sino tambi\u00e9n, acredita su convicci\u00f3n de poner la vida y la salud en el centro de cada decisi\u00f3n.<\/span><\/p>\t\t\t\t\t\t\t\t<\/div>\n\t\t\t\t<\/div>\n\t\t\t\t<div class=\"elementor-element elementor-element-02fc31f elementor-widget elementor-widget-image\" data-id=\"02fc31f\" data-element_type=\"widget\" data-e-type=\"widget\" data-widget_type=\"image.default\">\n\t\t\t\t<div class=\"elementor-widget-container\">\n\t\t\t\t\t\t\t\t\t\t\t\t\t\t\t<img decoding=\"async\" src=\"https:\/\/www.eminser.com.co\/web\/wp-content\/uploads\/2025\/10\/WhatsApp-Image-2025-10-02-at-9.39.46-AM-1.jpeg\" title=\"WhatsApp Image 2025-10-02 at 9.39.46 AM\" alt=\"WhatsApp Image 2025-10-02 at 9.39.46 AM\" loading=\"lazy\" \/>\t\t\t\t\t\t\t\t\t\t\t\t\t\t\t<\/div>\n\t\t\t\t<\/div>\n\t\t\t\t<div class=\"elementor-element elementor-element-66f016c elementor-widget elementor-widget-text-editor\" data-id=\"66f016c\" data-element_type=\"widget\" data-e-type=\"widget\" data-widget_type=\"text-editor.default\">\n\t\t\t\t<div class=\"elementor-widget-container\">\n\t\t\t\t\t\t\t\t\t<p><span style=\"font-family: mongolian-baiti; color: #000000;\">Esta iniciativa dar\u00e1 continuidad y sostenibilidad a la cultura de prevenci\u00f3n y autocuidado en Eminser, consolidando as\u00ed un entorno de trabajo m\u00e1s seguro, eficiente y comprometido con el bienestar de todos. Es por ello, que Eminser continuar\u00e1 respaldando la formaci\u00f3n de nuestros supervisores. Ya que, este programa es un pilar estrat\u00e9gico de nuestra cultura organizacional y pol\u00edtica de prevenci\u00f3n.<\/span><\/p><p><span style=\"font-style: inherit; font-weight: inherit; color: #000000; font-family: mongolian-baiti;\">Por \u00faltimo, agradecemos sinceramente a cada uno de nuestros <strong>supervisores<\/strong> por el esfuerzo, y el compromiso demostrado para hacer de la prevenci\u00f3n una prioridad en nuestra organizaci\u00f3n.<\/span><\/p>\t\t\t\t\t\t\t\t<\/div>\n\t\t\t\t<\/div>\n\t\t\t\t<div class=\"elementor-element elementor-element-b94a176 elementor-widget elementor-widget-image\" data-id=\"b94a176\" data-element_type=\"widget\" data-e-type=\"widget\" data-widget_type=\"image.default\">\n\t\t\t\t<div class=\"elementor-widget-container\">\n\t\t\t\t\t\t\t\t\t\t\t\t\t\t\t<img fetchpriority=\"high\" decoding=\"async\" width=\"1024\" height=\"576\" src=\"https:\/\/www.eminser.com.co\/web\/wp-content\/uploads\/2025\/10\/Diseno-sin-titulo-1-1024x576.png\" class=\"attachment-large size-large wp-image-7565\" alt=\"\" srcset=\"https:\/\/www.eminser.com.co\/web\/wp-content\/uploads\/2025\/10\/Diseno-sin-titulo-1-1024x576.png 1024w, https:\/\/www.eminser.com.co\/web\/wp-content\/uploads\/2025\/10\/Diseno-sin-titulo-1-300x169.png 300w, https:\/\/www.eminser.com.co\/web\/wp-content\/uploads\/2025\/10\/Diseno-sin-titulo-1-768x432.png 768w, https:\/\/www.eminser.com.co\/web\/wp-content\/uploads\/2025\/10\/Diseno-sin-titulo-1-1536x864.png 1536w, https:\/\/www.eminser.com.co\/web\/wp-content\/uploads\/2025\/10\/Diseno-sin-titulo-1.png 1920w\" sizes=\"(max-width: 1024px) 100vw, 1024px\" \/>\t\t\t\t\t\t\t\t\t\t\t\t\t\t\t<\/div>\n\t\t\t\t<\/div>\n\t\t\t\t\t<\/div>\n\t\t<\/div>\n\t\t\t\t\t<\/div>\n\t\t<\/section>\n\t\t\t\t<\/div>\n\t\t","protected":false},"excerpt":{"rendered":"<p>Es un honor para Eminser S.A.S. anunciar que, durante el presente a\u00f1o 2025, se ha implementado con \u00e9xito el programa de formaci\u00f3n de l\u00edderes en Seguridad y Salud en el Trabajo, dirigido a los supervisores de nuestra organizaci\u00f3n. Esta iniciativa ha contado con el valioso respaldo de nuestro aliado estrat\u00e9gico, ARL SURA. A trav\u00e9s de este programa, nuestros supervisores han adquirido nuevas competencias y herramientas que les permitir\u00e1n, mediante su destacada labor, fomentar entornos laborales m\u00e1s seguros y saludables, manteniendo un enfoque preventivo constante en la prestaci\u00f3n del servicio. Esta ceremonia de graduaci\u00f3n se llev\u00f3 acabo en las instalaciones de nuestro cliente Ministerio de Comercio, Industria y Turismo, para celebrar no solo un logro acad\u00e9mico, sino sobre todo el compromiso, la dedicaci\u00f3n y el crecimiento profesional que cada uno de nuestros supervisores ha demostrado a lo largo de este proceso. Contamos con la presencia de Nuestro Gerente General, la Gerente de Talento Humano, Jefe de Seguridad y Salud en el Trabajo y los consultores de ARL SURA. M\u00e1s de 19 supervisores recibieron el diploma que los acredita no solo como L\u00edderes Gestores de Seguridad y Salud en el Trabajo, sino tambi\u00e9n, acredita su convicci\u00f3n de poner la vida y la salud en el centro de cada decisi\u00f3n. Esta iniciativa dar\u00e1 continuidad y sostenibilidad a la cultura de prevenci\u00f3n y autocuidado en Eminser, consolidando as\u00ed un entorno de trabajo m\u00e1s seguro, eficiente y comprometido con el bienestar de todos. Es por ello, que Eminser continuar\u00e1 respaldando la formaci\u00f3n de nuestros supervisores. Ya que, este programa es un pilar estrat\u00e9gico de nuestra cultura organizacional y pol\u00edtica de prevenci\u00f3n. Por \u00faltimo, agradecemos sinceramente a cada uno de nuestros supervisores por el esfuerzo, y el compromiso demostrado para hacer de la prevenci\u00f3n una prioridad en nuestra organizaci\u00f3n.<\/p>\n","protected":false},"author":1,"featured_media":7538,"comment_status":"closed","ping_status":"closed","sticky":false,"template":"","format":"standard","meta":{"site-sidebar-layout":"default","site-content-layout":"","ast-site-content-layout":"default","site-content-style":"default","site-sidebar-style":"default","ast-global-header-display":"","ast-banner-title-visibility":"","ast-main-header-display":"","ast-hfb-above-header-display":"","ast-hfb-below-header-display":"","ast-hfb-mobile-header-display":"","site-post-title":"","ast-breadcrumbs-content":"","ast-featured-img":"","footer-sml-layout":"","ast-disable-related-posts":"","theme-transparent-header-meta":"default","adv-header-id-meta":"","stick-header-meta":"","header-above-stick-meta":"","header-main-stick-meta":"","header-below-stick-meta":"","astra-migrate-meta-layouts":"set","ast-page-background-enabled":"default","ast-page-background-meta":{"desktop":{"background-color":"var(--ast-global-color-4)","background-image":"","background-repeat":"repeat","background-position":"center center","background-size":"auto","background-attachment":"scroll","background-type":"","background-media":"","overlay-type":"","overlay-color":"","overlay-opacity":"","overlay-gradient":""},"tablet":{"background-color":"","background-image":"","background-repeat":"repeat","background-position":"center center","background-size":"auto","background-attachment":"scroll","background-type":"","background-media":"","overlay-type":"","overlay-color":"","overlay-opacity":"","overlay-gradient":""},"mobile":{"background-color":"","background-image":"","background-repeat":"repeat","background-position":"center center","background-size":"auto","background-attachment":"scroll","background-type":"","background-media":"","overlay-type":"","overlay-color":"","overlay-opacity":"","overlay-gradient":""}},"ast-content-background-meta":{"desktop":{"background-color":"var(--ast-global-color-5)","background-image":"","background-repeat":"repeat","background-position":"center center","background-size":"auto","background-attachment":"scroll","background-type":"","background-media":"","overlay-type":"","overlay-color":"","overlay-opacity":"","overlay-gradient":""},"tablet":{"background-color":"var(--ast-global-color-5)","background-image":"","background-repeat":"repeat","background-position":"center center","background-size":"auto","background-attachment":"scroll","background-type":"","background-media":"","overlay-type":"","overlay-color":"","overlay-opacity":"","overlay-gradient":""},"mobile":{"background-color":"var(--ast-global-color-5)","background-image":"","background-repeat":"repeat","background-position":"center center","background-size":"auto","background-attachment":"scroll","background-type":"","background-media":"","overlay-type":"","overlay-color":"","overlay-opacity":"","overlay-gradient":""}},"footnotes":""},"categories":[1],"tags":[],"class_list":["post-7441","post","type-post","status-publish","format-standard","has-post-thumbnail","hentry","category-sst"],"yoast_head":"<!-- This site is optimized with the Yoast SEO plugin v28.3 - https:\/\/yoast.com\/product\/yoast-seo-wordpress\/ -->\n<title>Graduaci\u00f3n de L\u00edderes Gestores de SST - Eminser<\/title>\n<meta name=\"description\" content=\"Hemos implementado con \u00e9xito el programa de formaci\u00f3n de l\u00edderes en SST dirigido a los supervisores de nuestra organizaci\u00f3n\" \/>\n<meta name=\"robots\" content=\"index, follow, max-snippet:-1, max-image-preview:large, max-video-preview:-1\" \/>\n<link rel=\"canonical\" href=\"https:\/\/www.eminser.com.co\/web\/grado-lideres-seguridad\/\" \/>\n<meta property=\"og:locale\" content=\"es_ES\" \/>\n<meta property=\"og:type\" content=\"article\" \/>\n<meta property=\"og:title\" content=\"Graduaci\u00f3n de L\u00edderes Gestores de SST - Eminser\" \/>\n<meta property=\"og:description\" content=\"Hemos implementado con \u00e9xito el programa de formaci\u00f3n de l\u00edderes en SST dirigido a los supervisores de nuestra organizaci\u00f3n\" \/>\n<meta property=\"og:url\" content=\"https:\/\/www.eminser.com.co\/web\/grado-lideres-seguridad\/\" \/>\n<meta property=\"og:site_name\" content=\"Eminser\" \/>\n<meta property=\"article:publisher\" content=\"https:\/\/www.facebook.com\/eminser.sas1\" \/>\n<meta property=\"article:published_time\" content=\"2025-10-03T14:03:00+00:00\" \/>\n<meta property=\"article:modified_time\" content=\"2025-10-03T18:50:46+00:00\" \/>\n<meta property=\"og:image\" content=\"https:\/\/www.eminser.com.co\/web\/wp-content\/uploads\/2025\/10\/IMG_20250718_170328-scaled.jpg\" \/>\n\t<meta property=\"og:image:width\" content=\"2560\" \/>\n\t<meta property=\"og:image:height\" content=\"1928\" \/>\n\t<meta property=\"og:image:type\" content=\"image\/jpeg\" \/>\n<meta name=\"author\" content=\"Julian Felipe\" \/>\n<meta name=\"twitter:card\" content=\"summary_large_image\" \/>\n<meta name=\"twitter:label1\" content=\"Escrito por\" \/>\n\t<meta name=\"twitter:data1\" content=\"Julian Felipe\" \/>\n\t<meta name=\"twitter:label2\" content=\"Tiempo de lectura\" \/>\n\t<meta name=\"twitter:data2\" content=\"2 minutos\" \/>\n<script type=\"application\/ld+json\" class=\"yoast-schema-graph\">{\"@context\":\"https:\\\/\\\/schema.org\",\"@graph\":[{\"@type\":\"Article\",\"@id\":\"https:\\\/\\\/www.eminser.com.co\\\/web\\\/grado-lideres-seguridad\\\/#article\",\"isPartOf\":{\"@id\":\"https:\\\/\\\/www.eminser.com.co\\\/web\\\/grado-lideres-seguridad\\\/\"},\"author\":{\"name\":\"Julian Felipe\",\"@id\":\"https:\\\/\\\/www.eminser.com.co\\\/web\\\/#\\\/schema\\\/person\\\/880519565c85bd8140773a16b1e6cf1c\"},\"headline\":\"Graduaci\u00f3n de L\u00edderes Gestores de SST\",\"datePublished\":\"2025-10-03T14:03:00+00:00\",\"dateModified\":\"2025-10-03T18:50:46+00:00\",\"mainEntityOfPage\":{\"@id\":\"https:\\\/\\\/www.eminser.com.co\\\/web\\\/grado-lideres-seguridad\\\/\"},\"wordCount\":326,\"publisher\":{\"@id\":\"https:\\\/\\\/www.eminser.com.co\\\/web\\\/#organization\"},\"image\":{\"@id\":\"https:\\\/\\\/www.eminser.com.co\\\/web\\\/grado-lideres-seguridad\\\/#primaryimage\"},\"thumbnailUrl\":\"https:\\\/\\\/www.eminser.com.co\\\/web\\\/wp-content\\\/uploads\\\/2025\\\/10\\\/IMG_20250718_170328-scaled.jpg\",\"articleSection\":[\"Seguridad y Salud en el Trabajo\"],\"inLanguage\":\"es\"},{\"@type\":\"WebPage\",\"@id\":\"https:\\\/\\\/www.eminser.com.co\\\/web\\\/grado-lideres-seguridad\\\/\",\"url\":\"https:\\\/\\\/www.eminser.com.co\\\/web\\\/grado-lideres-seguridad\\\/\",\"name\":\"Graduaci\u00f3n de L\u00edderes Gestores de SST - Eminser\",\"isPartOf\":{\"@id\":\"https:\\\/\\\/www.eminser.com.co\\\/web\\\/#website\"},\"primaryImageOfPage\":{\"@id\":\"https:\\\/\\\/www.eminser.com.co\\\/web\\\/grado-lideres-seguridad\\\/#primaryimage\"},\"image\":{\"@id\":\"https:\\\/\\\/www.eminser.com.co\\\/web\\\/grado-lideres-seguridad\\\/#primaryimage\"},\"thumbnailUrl\":\"https:\\\/\\\/www.eminser.com.co\\\/web\\\/wp-content\\\/uploads\\\/2025\\\/10\\\/IMG_20250718_170328-scaled.jpg\",\"datePublished\":\"2025-10-03T14:03:00+00:00\",\"dateModified\":\"2025-10-03T18:50:46+00:00\",\"description\":\"Hemos implementado con \u00e9xito el programa de formaci\u00f3n de l\u00edderes en SST dirigido a los supervisores de nuestra organizaci\u00f3n\",\"breadcrumb\":{\"@id\":\"https:\\\/\\\/www.eminser.com.co\\\/web\\\/grado-lideres-seguridad\\\/#breadcrumb\"},\"inLanguage\":\"es\",\"potentialAction\":[{\"@type\":\"ReadAction\",\"target\":[\"https:\\\/\\\/www.eminser.com.co\\\/web\\\/grado-lideres-seguridad\\\/\"]}]},{\"@type\":\"ImageObject\",\"inLanguage\":\"es\",\"@id\":\"https:\\\/\\\/www.eminser.com.co\\\/web\\\/grado-lideres-seguridad\\\/#primaryimage\",\"url\":\"https:\\\/\\\/www.eminser.com.co\\\/web\\\/wp-content\\\/uploads\\\/2025\\\/10\\\/IMG_20250718_170328-scaled.jpg\",\"contentUrl\":\"https:\\\/\\\/www.eminser.com.co\\\/web\\\/wp-content\\\/uploads\\\/2025\\\/10\\\/IMG_20250718_170328-scaled.jpg\",\"width\":2560,\"height\":1928},{\"@type\":\"BreadcrumbList\",\"@id\":\"https:\\\/\\\/www.eminser.com.co\\\/web\\\/grado-lideres-seguridad\\\/#breadcrumb\",\"itemListElement\":[{\"@type\":\"ListItem\",\"position\":1,\"name\":\"Portada\",\"item\":\"https:\\\/\\\/www.eminser.com.co\\\/web\\\/\"},{\"@type\":\"ListItem\",\"position\":2,\"name\":\"Graduaci\u00f3n de L\u00edderes Gestores de SST\"}]},{\"@type\":\"WebSite\",\"@id\":\"https:\\\/\\\/www.eminser.com.co\\\/web\\\/#website\",\"url\":\"https:\\\/\\\/www.eminser.com.co\\\/web\\\/\",\"name\":\"Eminser S.A.S\",\"description\":\"Empresa de servicios de aseo\",\"publisher\":{\"@id\":\"https:\\\/\\\/www.eminser.com.co\\\/web\\\/#organization\"},\"potentialAction\":[{\"@type\":\"SearchAction\",\"target\":{\"@type\":\"EntryPoint\",\"urlTemplate\":\"https:\\\/\\\/www.eminser.com.co\\\/web\\\/?s={search_term_string}\"},\"query-input\":{\"@type\":\"PropertyValueSpecification\",\"valueRequired\":true,\"valueName\":\"search_term_string\"}}],\"inLanguage\":\"es\"},{\"@type\":\"Organization\",\"@id\":\"https:\\\/\\\/www.eminser.com.co\\\/web\\\/#organization\",\"name\":\"Eminser S.A.S\",\"url\":\"https:\\\/\\\/www.eminser.com.co\\\/web\\\/\",\"logo\":{\"@type\":\"ImageObject\",\"inLanguage\":\"es\",\"@id\":\"https:\\\/\\\/www.eminser.com.co\\\/web\\\/#\\\/schema\\\/logo\\\/image\\\/\",\"url\":\"https:\\\/\\\/www.eminser.com.co\\\/web\\\/wp-content\\\/uploads\\\/2022\\\/08\\\/Recurso-2.png\",\"contentUrl\":\"https:\\\/\\\/www.eminser.com.co\\\/web\\\/wp-content\\\/uploads\\\/2022\\\/08\\\/Recurso-2.png\",\"width\":1788,\"height\":805,\"caption\":\"Eminser S.A.S\"},\"image\":{\"@id\":\"https:\\\/\\\/www.eminser.com.co\\\/web\\\/#\\\/schema\\\/logo\\\/image\\\/\"},\"sameAs\":[\"https:\\\/\\\/www.facebook.com\\\/eminser.sas1\",\"https:\\\/\\\/www.instagram.com\\\/eminser.sas\\\/\",\"https:\\\/\\\/www.linkedin.com\\\/company\\\/eminser\\\/\"]},{\"@type\":\"Person\",\"@id\":\"https:\\\/\\\/www.eminser.com.co\\\/web\\\/#\\\/schema\\\/person\\\/880519565c85bd8140773a16b1e6cf1c\",\"name\":\"Julian Felipe\",\"image\":{\"@type\":\"ImageObject\",\"inLanguage\":\"es\",\"@id\":\"https:\\\/\\\/secure.gravatar.com\\\/avatar\\\/1a51cc1655a902c5b1978ccee07c3890b923ef893962d606b3aaab1de765d15d?s=96&d=mm&r=g\",\"url\":\"https:\\\/\\\/secure.gravatar.com\\\/avatar\\\/1a51cc1655a902c5b1978ccee07c3890b923ef893962d606b3aaab1de765d15d?s=96&d=mm&r=g\",\"contentUrl\":\"https:\\\/\\\/secure.gravatar.com\\\/avatar\\\/1a51cc1655a902c5b1978ccee07c3890b923ef893962d606b3aaab1de765d15d?s=96&d=mm&r=g\",\"caption\":\"Julian Felipe\"}}]}<\/script>\n<!-- \/ Yoast SEO plugin. -->","yoast_head_json":{"title":"Graduaci\u00f3n de L\u00edderes Gestores de SST - Eminser","description":"Hemos implementado con \u00e9xito el programa de formaci\u00f3n de l\u00edderes en SST dirigido a los supervisores de nuestra organizaci\u00f3n","robots":{"index":"index","follow":"follow","max-snippet":"max-snippet:-1","max-image-preview":"max-image-preview:large","max-video-preview":"max-video-preview:-1"},"canonical":"https:\/\/www.eminser.com.co\/web\/grado-lideres-seguridad\/","og_locale":"es_ES","og_type":"article","og_title":"Graduaci\u00f3n de L\u00edderes Gestores de SST - Eminser","og_description":"Hemos implementado con \u00e9xito el programa de formaci\u00f3n de l\u00edderes en SST dirigido a los supervisores de nuestra organizaci\u00f3n","og_url":"https:\/\/www.eminser.com.co\/web\/grado-lideres-seguridad\/","og_site_name":"Eminser","article_publisher":"https:\/\/www.facebook.com\/eminser.sas1","article_published_time":"2025-10-03T14:03:00+00:00","article_modified_time":"2025-10-03T18:50:46+00:00","og_image":[{"width":2560,"height":1928,"url":"https:\/\/www.eminser.com.co\/web\/wp-content\/uploads\/2025\/10\/IMG_20250718_170328-scaled.jpg","type":"image\/jpeg"}],"author":"Julian Felipe","twitter_card":"summary_large_image","twitter_misc":{"Escrito por":"Julian Felipe","Tiempo de lectura":"2 minutos"},"schema":{"@context":"https:\/\/schema.org","@graph":[{"@type":"Article","@id":"https:\/\/www.eminser.com.co\/web\/grado-lideres-seguridad\/#article","isPartOf":{"@id":"https:\/\/www.eminser.com.co\/web\/grado-lideres-seguridad\/"},"author":{"name":"Julian Felipe","@id":"https:\/\/www.eminser.com.co\/web\/#\/schema\/person\/880519565c85bd8140773a16b1e6cf1c"},"headline":"Graduaci\u00f3n de L\u00edderes Gestores de SST","datePublished":"2025-10-03T14:03:00+00:00","dateModified":"2025-10-03T18:50:46+00:00","mainEntityOfPage":{"@id":"https:\/\/www.eminser.com.co\/web\/grado-lideres-seguridad\/"},"wordCount":326,"publisher":{"@id":"https:\/\/www.eminser.com.co\/web\/#organization"},"image":{"@id":"https:\/\/www.eminser.com.co\/web\/grado-lideres-seguridad\/#primaryimage"},"thumbnailUrl":"https:\/\/www.eminser.com.co\/web\/wp-content\/uploads\/2025\/10\/IMG_20250718_170328-scaled.jpg","articleSection":["Seguridad y Salud en el Trabajo"],"inLanguage":"es"},{"@type":"WebPage","@id":"https:\/\/www.eminser.com.co\/web\/grado-lideres-seguridad\/","url":"https:\/\/www.eminser.com.co\/web\/grado-lideres-seguridad\/","name":"Graduaci\u00f3n de L\u00edderes Gestores de SST - Eminser","isPartOf":{"@id":"https:\/\/www.eminser.com.co\/web\/#website"},"primaryImageOfPage":{"@id":"https:\/\/www.eminser.com.co\/web\/grado-lideres-seguridad\/#primaryimage"},"image":{"@id":"https:\/\/www.eminser.com.co\/web\/grado-lideres-seguridad\/#primaryimage"},"thumbnailUrl":"https:\/\/www.eminser.com.co\/web\/wp-content\/uploads\/2025\/10\/IMG_20250718_170328-scaled.jpg","datePublished":"2025-10-03T14:03:00+00:00","dateModified":"2025-10-03T18:50:46+00:00","description":"Hemos implementado con \u00e9xito el programa de formaci\u00f3n de l\u00edderes en SST dirigido a los supervisores de nuestra organizaci\u00f3n","breadcrumb":{"@id":"https:\/\/www.eminser.com.co\/web\/grado-lideres-seguridad\/#breadcrumb"},"inLanguage":"es","potentialAction":[{"@type":"ReadAction","target":["https:\/\/www.eminser.com.co\/web\/grado-lideres-seguridad\/"]}]},{"@type":"ImageObject","inLanguage":"es","@id":"https:\/\/www.eminser.com.co\/web\/grado-lideres-seguridad\/#primaryimage","url":"https:\/\/www.eminser.com.co\/web\/wp-content\/uploads\/2025\/10\/IMG_20250718_170328-scaled.jpg","contentUrl":"https:\/\/www.eminser.com.co\/web\/wp-content\/uploads\/2025\/10\/IMG_20250718_170328-scaled.jpg","width":2560,"height":1928},{"@type":"BreadcrumbList","@id":"https:\/\/www.eminser.com.co\/web\/grado-lideres-seguridad\/#breadcrumb","itemListElement":[{"@type":"ListItem","position":1,"name":"Portada","item":"https:\/\/www.eminser.com.co\/web\/"},{"@type":"ListItem","position":2,"name":"Graduaci\u00f3n de L\u00edderes Gestores de SST"}]},{"@type":"WebSite","@id":"https:\/\/www.eminser.com.co\/web\/#website","url":"https:\/\/www.eminser.com.co\/web\/","name":"Eminser S.A.S","description":"Empresa de servicios de aseo","publisher":{"@id":"https:\/\/www.eminser.com.co\/web\/#organization"},"potentialAction":[{"@type":"SearchAction","target":{"@type":"EntryPoint","urlTemplate":"https:\/\/www.eminser.com.co\/web\/?s={search_term_string}"},"query-input":{"@type":"PropertyValueSpecification","valueRequired":true,"valueName":"search_term_string"}}],"inLanguage":"es"},{"@type":"Organization","@id":"https:\/\/www.eminser.com.co\/web\/#organization","name":"Eminser S.A.S","url":"https:\/\/www.eminser.com.co\/web\/","logo":{"@type":"ImageObject","inLanguage":"es","@id":"https:\/\/www.eminser.com.co\/web\/#\/schema\/logo\/image\/","url":"https:\/\/www.eminser.com.co\/web\/wp-content\/uploads\/2022\/08\/Recurso-2.png","contentUrl":"https:\/\/www.eminser.com.co\/web\/wp-content\/uploads\/2022\/08\/Recurso-2.png","width":1788,"height":805,"caption":"Eminser S.A.S"},"image":{"@id":"https:\/\/www.eminser.com.co\/web\/#\/schema\/logo\/image\/"},"sameAs":["https:\/\/www.facebook.com\/eminser.sas1","https:\/\/www.instagram.com\/eminser.sas\/","https:\/\/www.linkedin.com\/company\/eminser\/"]},{"@type":"Person","@id":"https:\/\/www.eminser.com.co\/web\/#\/schema\/person\/880519565c85bd8140773a16b1e6cf1c","name":"Julian Felipe","image":{"@type":"ImageObject","inLanguage":"es","@id":"https:\/\/secure.gravatar.com\/avatar\/1a51cc1655a902c5b1978ccee07c3890b923ef893962d606b3aaab1de765d15d?s=96&d=mm&r=g","url":"https:\/\/secure.gravatar.com\/avatar\/1a51cc1655a902c5b1978ccee07c3890b923ef893962d606b3aaab1de765d15d?s=96&d=mm&r=g","contentUrl":"https:\/\/secure.gravatar.com\/avatar\/1a51cc1655a902c5b1978ccee07c3890b923ef893962d606b3aaab1de765d15d?s=96&d=mm&r=g","caption":"Julian Felipe"}}]}},"amp_enabled":true,"rttpg_featured_image_url":{"full":["https:\/\/www.eminser.com.co\/web\/wp-content\/uploads\/2025\/10\/IMG_20250718_170328-scaled.jpg",2560,1928,false],"landscape":["https:\/\/www.eminser.com.co\/web\/wp-content\/uploads\/2025\/10\/IMG_20250718_170328-scaled.jpg",2560,1928,false],"portraits":["https:\/\/www.eminser.com.co\/web\/wp-content\/uploads\/2025\/10\/IMG_20250718_170328-scaled.jpg",2560,1928,false],"thumbnail":["https:\/\/www.eminser.com.co\/web\/wp-content\/uploads\/2025\/10\/IMG_20250718_170328-150x150.jpg",150,150,true],"medium":["https:\/\/www.eminser.com.co\/web\/wp-content\/uploads\/2025\/10\/IMG_20250718_170328-300x226.jpg",300,226,true],"large":["https:\/\/www.eminser.com.co\/web\/wp-content\/uploads\/2025\/10\/IMG_20250718_170328-1024x771.jpg",1024,771,true],"1536x1536":["https:\/\/www.eminser.com.co\/web\/wp-content\/uploads\/2025\/10\/IMG_20250718_170328-1536x1157.jpg",1536,1157,true],"2048x2048":["https:\/\/www.eminser.com.co\/web\/wp-content\/uploads\/2025\/10\/IMG_20250718_170328-2048x1542.jpg",2048,1542,true],"qi_addons_for_elementor_image_size_square":["https:\/\/www.eminser.com.co\/web\/wp-content\/uploads\/2025\/10\/IMG_20250718_170328-650x650.jpg",650,650,true],"qi_addons_for_elementor_image_size_landscape":["https:\/\/www.eminser.com.co\/web\/wp-content\/uploads\/2025\/10\/IMG_20250718_170328-1300x650.jpg",1300,650,true],"qi_addons_for_elementor_image_size_portrait":["https:\/\/www.eminser.com.co\/web\/wp-content\/uploads\/2025\/10\/IMG_20250718_170328-650x1300.jpg",650,1300,true],"qi_addons_for_elementor_image_size_huge-square":["https:\/\/www.eminser.com.co\/web\/wp-content\/uploads\/2025\/10\/IMG_20250718_170328-1300x1300.jpg",1300,1300,true]},"rttpg_author":{"display_name":"Julian Felipe","author_link":"https:\/\/www.eminser.com.co\/web\/author\/eminser\/"},"rttpg_comment":0,"rttpg_category":"<a href=\"https:\/\/www.eminser.com.co\/web\/sst\/\" rel=\"category tag\">Seguridad y Salud en el Trabajo<\/a>","rttpg_excerpt":"Es un honor para Eminser S.A.S. anunciar que, durante el presente a\u00f1o 2025, se ha implementado con \u00e9xito el programa de formaci\u00f3n de l\u00edderes en Seguridad y Salud en el Trabajo, dirigido a los supervisores de nuestra organizaci\u00f3n. Esta iniciativa ha contado con el valioso respaldo de nuestro aliado estrat\u00e9gico, ARL SURA. A trav\u00e9s de&hellip;","_links":{"self":[{"href":"https:\/\/www.eminser.com.co\/web\/wp-json\/wp\/v2\/posts\/7441","targetHints":{"allow":["GET"]}}],"collection":[{"href":"https:\/\/www.eminser.com.co\/web\/wp-json\/wp\/v2\/posts"}],"about":[{"href":"https:\/\/www.eminser.com.co\/web\/wp-json\/wp\/v2\/types\/post"}],"author":[{"embeddable":true,"href":"https:\/\/www.eminser.com.co\/web\/wp-json\/wp\/v2\/users\/1"}],"replies":[{"embeddable":true,"href":"https:\/\/www.eminser.com.co\/web\/wp-json\/wp\/v2\/comments?post=7441"}],"version-history":[{"count":30,"href":"https:\/\/www.eminser.com.co\/web\/wp-json\/wp\/v2\/posts\/7441\/revisions"}],"predecessor-version":[{"id":7588,"href":"https:\/\/www.eminser.com.co\/web\/wp-json\/wp\/v2\/posts\/7441\/revisions\/7588"}],"wp:featuredmedia":[{"embeddable":true,"href":"https:\/\/www.eminser.com.co\/web\/wp-json\/wp\/v2\/media\/7538"}],"wp:attachment":[{"href":"https:\/\/www.eminser.com.co\/web\/wp-json\/wp\/v2\/media?parent=7441"}],"wp:term":[{"taxonomy":"category","embeddable":true,"href":"https:\/\/www.eminser.com.co\/web\/wp-json\/wp\/v2\/categories?post=7441"},{"taxonomy":"post_tag","embeddable":true,"href":"https:\/\/www.eminser.com.co\/web\/wp-json\/wp\/v2\/tags?post=7441"}],"curies":[{"name":"wp","href":"https:\/\/api.w.org\/{rel}","templated":true}]}}