{"id":6929,"date":"2023-10-30T11:00:35","date_gmt":"2023-10-30T06:00:35","guid":{"rendered":"https:\/\/www.eminser.com.co\/web\/?p=6929"},"modified":"2023-11-18T18:57:47","modified_gmt":"2023-11-18T13:57:47","slug":"eminser-networking-contar-erp","status":"publish","type":"post","link":"https:\/\/www.eminser.com.co\/web\/eminser-networking-contar-erp\/","title":{"rendered":"\u00c9xito y Conexiones: Eminser en el Networking de CONTAR ERP"},"content":{"rendered":"<p>El pasado 23 de octubre, EMINSER S.A.S particip\u00f3 en el evento de networking organizado por nuestro valioso aliado, CONTAR ERP. La jornada, que tuvo lugar en el reconocido Centro de Convenciones de Compensar, congreg\u00f3 a clientes de ContarERP, aliados estrat\u00e9gicos y representantes de Soporte L\u00f3gico SAS en un encuentro dedicado al fortalecimiento de relaciones comerciales y el intercambio de conocimientos.<\/p>\n<p>Con m\u00e1s de 26 a\u00f1os de experiencia, EMINSER S.A.S, l\u00edder en la prestaci\u00f3n de servicios integrales de aseo, cafeter\u00eda y mantenimiento, se destac\u00f3 como un participante activo y comprometido en este relevante evento de la industria. La empresa aprovech\u00f3 la oportunidad para interactuar de manera directa con clientes de ContarERP y otros aliados estrat\u00e9gicos, consolidando su posici\u00f3n y ampliando su red de contactos en el sector.<\/p>\n<p>El evento, concebido como un espacio privilegiado para el relacionamiento comercial, ofreci\u00f3 a EMINSER S.A.S la oportunidad de compartir su vasta experiencia y conocimientos en servicios integrales con un p\u00fablico diverso. La participaci\u00f3n activa de la empresa en conferencias sobre actualidad normativa, negocios y otros temas relevantes, contribuy\u00f3 al enriquecimiento del evento y a la generaci\u00f3n de sinergias comerciales.<\/p>\n<p>El Centro de Convenciones de Compensar se convirti\u00f3 en el escenario ideal para una jornada llena de actividades enriquecedoras. EMINSER S.A.S, comprometido con la excelencia y la actualizaci\u00f3n constante, particip\u00f3 activamente en estas instancias, compartiendo su experiencia y aprendiendo de las \u00faltimas tendencias del sector.<\/p>\n<p>EMINSER S.A.S agradece a CONTAR ERP por la iniciativa de organizar este evento excepcional y reafirma su compromiso continuo con la excelencia, la innovaci\u00f3n y el fortalecimiento de relaciones comerciales estrat\u00e9gicas. La empresa espera seguir contribuyendo al \u00e9xito de futuras ediciones de este destacado encuentro empresarial.<\/p>\n<p>&nbsp;<\/p>\n","protected":false},"excerpt":{"rendered":"<p>El pasado 23 de octubre, EMINSER S.A.S particip\u00f3 en el evento de networking organizado por nuestro valioso aliado, CONTAR ERP. La jornada, que tuvo lugar en el reconocido Centro de Convenciones de Compensar, congreg\u00f3 a clientes de ContarERP, aliados estrat\u00e9gicos y representantes de Soporte L\u00f3gico SAS en un encuentro dedicado al fortalecimiento de relaciones comerciales y el intercambio de conocimientos. Con m\u00e1s de 26 a\u00f1os de experiencia, EMINSER S.A.S, l\u00edder en la prestaci\u00f3n de servicios integrales de aseo, cafeter\u00eda y mantenimiento, se destac\u00f3 como un participante activo y comprometido en este relevante evento de la industria. La empresa aprovech\u00f3 la oportunidad para interactuar de manera directa con clientes de ContarERP y otros aliados estrat\u00e9gicos, consolidando su posici\u00f3n y ampliando su red de contactos en el sector. El evento, concebido como un espacio privilegiado para el relacionamiento comercial, ofreci\u00f3 a EMINSER S.A.S la oportunidad de compartir su vasta experiencia y conocimientos en servicios integrales con un p\u00fablico diverso. La participaci\u00f3n activa de la empresa en conferencias sobre actualidad normativa, negocios y otros temas relevantes, contribuy\u00f3 al enriquecimiento del evento y a la generaci\u00f3n de sinergias comerciales. El Centro de Convenciones de Compensar se convirti\u00f3 en el escenario ideal para una jornada llena de actividades enriquecedoras. EMINSER S.A.S, comprometido con la excelencia y la actualizaci\u00f3n constante, particip\u00f3 activamente en estas instancias, compartiendo su experiencia y aprendiendo de las \u00faltimas tendencias del sector. EMINSER S.A.S agradece a CONTAR ERP por la iniciativa de organizar este evento excepcional y reafirma su compromiso continuo con la excelencia, la innovaci\u00f3n y el fortalecimiento de relaciones comerciales estrat\u00e9gicas. La empresa espera seguir contribuyendo al \u00e9xito de futuras ediciones de este destacado encuentro empresarial. &nbsp;<\/p>\n","protected":false},"author":1,"featured_media":6932,"comment_status":"closed","ping_status":"closed","sticky":false,"template":"","format":"standard","meta":{"site-sidebar-layout":"default","site-content-layout":"","ast-site-content-layout":"default","site-content-style":"default","site-sidebar-style":"default","ast-global-header-display":"","ast-banner-title-visibility":"","ast-main-header-display":"","ast-hfb-above-header-display":"","ast-hfb-below-header-display":"","ast-hfb-mobile-header-display":"","site-post-title":"","ast-breadcrumbs-content":"","ast-featured-img":"","footer-sml-layout":"","ast-disable-related-posts":"","theme-transparent-header-meta":"default","adv-header-id-meta":"","stick-header-meta":"","header-above-stick-meta":"","header-main-stick-meta":"","header-below-stick-meta":"","astra-migrate-meta-layouts":"set","ast-page-background-enabled":"default","ast-page-background-meta":{"desktop":{"background-color":"var(--ast-global-color-4)","background-image":"","background-repeat":"repeat","background-position":"center center","background-size":"auto","background-attachment":"scroll","background-type":"","background-media":"","overlay-type":"","overlay-color":"","overlay-opacity":"","overlay-gradient":""},"tablet":{"background-color":"","background-image":"","background-repeat":"repeat","background-position":"center center","background-size":"auto","background-attachment":"scroll","background-type":"","background-media":"","overlay-type":"","overlay-color":"","overlay-opacity":"","overlay-gradient":""},"mobile":{"background-color":"","background-image":"","background-repeat":"repeat","background-position":"center center","background-size":"auto","background-attachment":"scroll","background-type":"","background-media":"","overlay-type":"","overlay-color":"","overlay-opacity":"","overlay-gradient":""}},"ast-content-background-meta":{"desktop":{"background-color":"var(--ast-global-color-5)","background-image":"","background-repeat":"repeat","background-position":"center center","background-size":"auto","background-attachment":"scroll","background-type":"","background-media":"","overlay-type":"","overlay-color":"","overlay-opacity":"","overlay-gradient":""},"tablet":{"background-color":"var(--ast-global-color-5)","background-image":"","background-repeat":"repeat","background-position":"center center","background-size":"auto","background-attachment":"scroll","background-type":"","background-media":"","overlay-type":"","overlay-color":"","overlay-opacity":"","overlay-gradient":""},"mobile":{"background-color":"var(--ast-global-color-5)","background-image":"","background-repeat":"repeat","background-position":"center center","background-size":"auto","background-attachment":"scroll","background-type":"","background-media":"","overlay-type":"","overlay-color":"","overlay-opacity":"","overlay-gradient":""}},"footnotes":""},"categories":[19],"tags":[],"class_list":["post-6929","post","type-post","status-publish","format-standard","has-post-thumbnail","hentry","category-eventos"],"yoast_head":"<!-- This site is optimized with the Yoast SEO plugin v28.4 - https:\/\/yoast.com\/product\/yoast-seo-wordpress\/ -->\n<title>\u00c9xito y Conexiones: Eminser en el Networking de CONTAR ERP - Eminser<\/title>\n<meta name=\"robots\" content=\"index, follow, max-snippet:-1, max-image-preview:large, max-video-preview:-1\" \/>\n<link rel=\"canonical\" href=\"https:\/\/www.eminser.com.co\/web\/eminser-networking-contar-erp\/\" \/>\n<meta property=\"og:locale\" content=\"es_ES\" \/>\n<meta property=\"og:type\" content=\"article\" \/>\n<meta property=\"og:title\" content=\"\u00c9xito y Conexiones: Eminser en el Networking de CONTAR ERP - Eminser\" \/>\n<meta property=\"og:description\" content=\"El pasado 23 de octubre, EMINSER S.A.S particip\u00f3 en el evento de networking organizado por nuestro valioso aliado, CONTAR ERP. La jornada, que tuvo lugar en el reconocido Centro de Convenciones de Compensar, congreg\u00f3 a clientes de ContarERP, aliados estrat\u00e9gicos y representantes de Soporte L\u00f3gico SAS en un encuentro dedicado al fortalecimiento de relaciones comerciales y el intercambio de conocimientos. Con m\u00e1s de 26 a\u00f1os de experiencia, EMINSER S.A.S, l\u00edder en la prestaci\u00f3n de servicios integrales de aseo, cafeter\u00eda y mantenimiento, se destac\u00f3 como un participante activo y comprometido en este relevante evento de la industria. La empresa aprovech\u00f3 la oportunidad para interactuar de manera directa con clientes de ContarERP y otros aliados estrat\u00e9gicos, consolidando su posici\u00f3n y ampliando su red de contactos en el sector. El evento, concebido como un espacio privilegiado para el relacionamiento comercial, ofreci\u00f3 a EMINSER S.A.S la oportunidad de compartir su vasta experiencia y conocimientos en servicios integrales con un p\u00fablico diverso. La participaci\u00f3n activa de la empresa en conferencias sobre actualidad normativa, negocios y otros temas relevantes, contribuy\u00f3 al enriquecimiento del evento y a la generaci\u00f3n de sinergias comerciales. El Centro de Convenciones de Compensar se convirti\u00f3 en el escenario ideal para una jornada llena de actividades enriquecedoras. EMINSER S.A.S, comprometido con la excelencia y la actualizaci\u00f3n constante, particip\u00f3 activamente en estas instancias, compartiendo su experiencia y aprendiendo de las \u00faltimas tendencias del sector. EMINSER S.A.S agradece a CONTAR ERP por la iniciativa de organizar este evento excepcional y reafirma su compromiso continuo con la excelencia, la innovaci\u00f3n y el fortalecimiento de relaciones comerciales estrat\u00e9gicas. La empresa espera seguir contribuyendo al \u00e9xito de futuras ediciones de este destacado encuentro empresarial. &nbsp;\" \/>\n<meta property=\"og:url\" content=\"https:\/\/www.eminser.com.co\/web\/eminser-networking-contar-erp\/\" \/>\n<meta property=\"og:site_name\" content=\"Eminser\" \/>\n<meta property=\"article:publisher\" content=\"https:\/\/www.facebook.com\/eminser.sas1\" \/>\n<meta property=\"article:published_time\" content=\"2023-10-30T06:00:35+00:00\" \/>\n<meta property=\"article:modified_time\" content=\"2023-11-18T13:57:47+00:00\" \/>\n<meta property=\"og:image\" content=\"https:\/\/www.eminser.com.co\/web\/wp-content\/uploads\/2023\/10\/Contar-ERP-11-1024x1024.png\" \/>\n\t<meta property=\"og:image:width\" content=\"1024\" \/>\n\t<meta property=\"og:image:height\" content=\"1024\" \/>\n\t<meta property=\"og:image:type\" content=\"image\/png\" \/>\n<meta name=\"author\" content=\"Julian Felipe\" \/>\n<meta name=\"twitter:card\" content=\"summary_large_image\" \/>\n<meta name=\"twitter:label1\" content=\"Escrito por\" \/>\n\t<meta name=\"twitter:data1\" content=\"Julian Felipe\" \/>\n\t<meta name=\"twitter:label2\" content=\"Tiempo de lectura\" \/>\n\t<meta name=\"twitter:data2\" content=\"2 minutos\" \/>\n<script type=\"application\/ld+json\" class=\"yoast-schema-graph\">{\"@context\":\"https:\\\/\\\/schema.org\",\"@graph\":[{\"@type\":\"Article\",\"@id\":\"https:\\\/\\\/www.eminser.com.co\\\/web\\\/eminser-networking-contar-erp\\\/#article\",\"isPartOf\":{\"@id\":\"https:\\\/\\\/www.eminser.com.co\\\/web\\\/eminser-networking-contar-erp\\\/\"},\"author\":{\"name\":\"Julian Felipe\",\"@id\":\"https:\\\/\\\/www.eminser.com.co\\\/web\\\/#\\\/schema\\\/person\\\/880519565c85bd8140773a16b1e6cf1c\"},\"headline\":\"\u00c9xito y Conexiones: Eminser en el Networking de CONTAR ERP\",\"datePublished\":\"2023-10-30T06:00:35+00:00\",\"dateModified\":\"2023-11-18T13:57:47+00:00\",\"mainEntityOfPage\":{\"@id\":\"https:\\\/\\\/www.eminser.com.co\\\/web\\\/eminser-networking-contar-erp\\\/\"},\"wordCount\":310,\"publisher\":{\"@id\":\"https:\\\/\\\/www.eminser.com.co\\\/web\\\/#organization\"},\"image\":{\"@id\":\"https:\\\/\\\/www.eminser.com.co\\\/web\\\/eminser-networking-contar-erp\\\/#primaryimage\"},\"thumbnailUrl\":\"https:\\\/\\\/www.eminser.com.co\\\/web\\\/wp-content\\\/uploads\\\/2023\\\/10\\\/Contar-ERP-11.png\",\"articleSection\":[\"Eventos\"],\"inLanguage\":\"es\"},{\"@type\":\"WebPage\",\"@id\":\"https:\\\/\\\/www.eminser.com.co\\\/web\\\/eminser-networking-contar-erp\\\/\",\"url\":\"https:\\\/\\\/www.eminser.com.co\\\/web\\\/eminser-networking-contar-erp\\\/\",\"name\":\"\u00c9xito y Conexiones: Eminser en el Networking de CONTAR ERP - Eminser\",\"isPartOf\":{\"@id\":\"https:\\\/\\\/www.eminser.com.co\\\/web\\\/#website\"},\"primaryImageOfPage\":{\"@id\":\"https:\\\/\\\/www.eminser.com.co\\\/web\\\/eminser-networking-contar-erp\\\/#primaryimage\"},\"image\":{\"@id\":\"https:\\\/\\\/www.eminser.com.co\\\/web\\\/eminser-networking-contar-erp\\\/#primaryimage\"},\"thumbnailUrl\":\"https:\\\/\\\/www.eminser.com.co\\\/web\\\/wp-content\\\/uploads\\\/2023\\\/10\\\/Contar-ERP-11.png\",\"datePublished\":\"2023-10-30T06:00:35+00:00\",\"dateModified\":\"2023-11-18T13:57:47+00:00\",\"breadcrumb\":{\"@id\":\"https:\\\/\\\/www.eminser.com.co\\\/web\\\/eminser-networking-contar-erp\\\/#breadcrumb\"},\"inLanguage\":\"es\",\"potentialAction\":[{\"@type\":\"ReadAction\",\"target\":[\"https:\\\/\\\/www.eminser.com.co\\\/web\\\/eminser-networking-contar-erp\\\/\"]}]},{\"@type\":\"ImageObject\",\"inLanguage\":\"es\",\"@id\":\"https:\\\/\\\/www.eminser.com.co\\\/web\\\/eminser-networking-contar-erp\\\/#primaryimage\",\"url\":\"https:\\\/\\\/www.eminser.com.co\\\/web\\\/wp-content\\\/uploads\\\/2023\\\/10\\\/Contar-ERP-11.png\",\"contentUrl\":\"https:\\\/\\\/www.eminser.com.co\\\/web\\\/wp-content\\\/uploads\\\/2023\\\/10\\\/Contar-ERP-11.png\",\"width\":1250,\"height\":1251},{\"@type\":\"BreadcrumbList\",\"@id\":\"https:\\\/\\\/www.eminser.com.co\\\/web\\\/eminser-networking-contar-erp\\\/#breadcrumb\",\"itemListElement\":[{\"@type\":\"ListItem\",\"position\":1,\"name\":\"Portada\",\"item\":\"https:\\\/\\\/www.eminser.com.co\\\/web\\\/\"},{\"@type\":\"ListItem\",\"position\":2,\"name\":\"\u00c9xito y Conexiones: Eminser en el Networking de CONTAR ERP\"}]},{\"@type\":\"WebSite\",\"@id\":\"https:\\\/\\\/www.eminser.com.co\\\/web\\\/#website\",\"url\":\"https:\\\/\\\/www.eminser.com.co\\\/web\\\/\",\"name\":\"Eminser S.A.S\",\"description\":\"Empresa de servicios de aseo\",\"publisher\":{\"@id\":\"https:\\\/\\\/www.eminser.com.co\\\/web\\\/#organization\"},\"potentialAction\":[{\"@type\":\"SearchAction\",\"target\":{\"@type\":\"EntryPoint\",\"urlTemplate\":\"https:\\\/\\\/www.eminser.com.co\\\/web\\\/?s={search_term_string}\"},\"query-input\":{\"@type\":\"PropertyValueSpecification\",\"valueRequired\":true,\"valueName\":\"search_term_string\"}}],\"inLanguage\":\"es\"},{\"@type\":\"Organization\",\"@id\":\"https:\\\/\\\/www.eminser.com.co\\\/web\\\/#organization\",\"name\":\"Eminser S.A.S\",\"url\":\"https:\\\/\\\/www.eminser.com.co\\\/web\\\/\",\"logo\":{\"@type\":\"ImageObject\",\"inLanguage\":\"es\",\"@id\":\"https:\\\/\\\/www.eminser.com.co\\\/web\\\/#\\\/schema\\\/logo\\\/image\\\/\",\"url\":\"https:\\\/\\\/www.eminser.com.co\\\/web\\\/wp-content\\\/uploads\\\/2022\\\/08\\\/Recurso-2.png\",\"contentUrl\":\"https:\\\/\\\/www.eminser.com.co\\\/web\\\/wp-content\\\/uploads\\\/2022\\\/08\\\/Recurso-2.png\",\"width\":1788,\"height\":805,\"caption\":\"Eminser S.A.S\"},\"image\":{\"@id\":\"https:\\\/\\\/www.eminser.com.co\\\/web\\\/#\\\/schema\\\/logo\\\/image\\\/\"},\"sameAs\":[\"https:\\\/\\\/www.facebook.com\\\/eminser.sas1\",\"https:\\\/\\\/www.instagram.com\\\/eminser.sas\\\/\",\"https:\\\/\\\/www.linkedin.com\\\/company\\\/eminser\\\/\"]},{\"@type\":\"Person\",\"@id\":\"https:\\\/\\\/www.eminser.com.co\\\/web\\\/#\\\/schema\\\/person\\\/880519565c85bd8140773a16b1e6cf1c\",\"name\":\"Julian Felipe\",\"image\":{\"@type\":\"ImageObject\",\"inLanguage\":\"es\",\"@id\":\"https:\\\/\\\/secure.gravatar.com\\\/avatar\\\/1a51cc1655a902c5b1978ccee07c3890b923ef893962d606b3aaab1de765d15d?s=96&d=mm&r=g\",\"url\":\"https:\\\/\\\/secure.gravatar.com\\\/avatar\\\/1a51cc1655a902c5b1978ccee07c3890b923ef893962d606b3aaab1de765d15d?s=96&d=mm&r=g\",\"contentUrl\":\"https:\\\/\\\/secure.gravatar.com\\\/avatar\\\/1a51cc1655a902c5b1978ccee07c3890b923ef893962d606b3aaab1de765d15d?s=96&d=mm&r=g\",\"caption\":\"Julian Felipe\"}}]}<\/script>\n<!-- \/ Yoast SEO plugin. -->","yoast_head_json":{"title":"\u00c9xito y Conexiones: Eminser en el Networking de CONTAR ERP - Eminser","robots":{"index":"index","follow":"follow","max-snippet":"max-snippet:-1","max-image-preview":"max-image-preview:large","max-video-preview":"max-video-preview:-1"},"canonical":"https:\/\/www.eminser.com.co\/web\/eminser-networking-contar-erp\/","og_locale":"es_ES","og_type":"article","og_title":"\u00c9xito y Conexiones: Eminser en el Networking de CONTAR ERP - Eminser","og_description":"El pasado 23 de octubre, EMINSER S.A.S particip\u00f3 en el evento de networking organizado por nuestro valioso aliado, CONTAR ERP. La jornada, que tuvo lugar en el reconocido Centro de Convenciones de Compensar, congreg\u00f3 a clientes de ContarERP, aliados estrat\u00e9gicos y representantes de Soporte L\u00f3gico SAS en un encuentro dedicado al fortalecimiento de relaciones comerciales y el intercambio de conocimientos. Con m\u00e1s de 26 a\u00f1os de experiencia, EMINSER S.A.S, l\u00edder en la prestaci\u00f3n de servicios integrales de aseo, cafeter\u00eda y mantenimiento, se destac\u00f3 como un participante activo y comprometido en este relevante evento de la industria. La empresa aprovech\u00f3 la oportunidad para interactuar de manera directa con clientes de ContarERP y otros aliados estrat\u00e9gicos, consolidando su posici\u00f3n y ampliando su red de contactos en el sector. El evento, concebido como un espacio privilegiado para el relacionamiento comercial, ofreci\u00f3 a EMINSER S.A.S la oportunidad de compartir su vasta experiencia y conocimientos en servicios integrales con un p\u00fablico diverso. La participaci\u00f3n activa de la empresa en conferencias sobre actualidad normativa, negocios y otros temas relevantes, contribuy\u00f3 al enriquecimiento del evento y a la generaci\u00f3n de sinergias comerciales. El Centro de Convenciones de Compensar se convirti\u00f3 en el escenario ideal para una jornada llena de actividades enriquecedoras. EMINSER S.A.S, comprometido con la excelencia y la actualizaci\u00f3n constante, particip\u00f3 activamente en estas instancias, compartiendo su experiencia y aprendiendo de las \u00faltimas tendencias del sector. EMINSER S.A.S agradece a CONTAR ERP por la iniciativa de organizar este evento excepcional y reafirma su compromiso continuo con la excelencia, la innovaci\u00f3n y el fortalecimiento de relaciones comerciales estrat\u00e9gicas. La empresa espera seguir contribuyendo al \u00e9xito de futuras ediciones de este destacado encuentro empresarial. &nbsp;","og_url":"https:\/\/www.eminser.com.co\/web\/eminser-networking-contar-erp\/","og_site_name":"Eminser","article_publisher":"https:\/\/www.facebook.com\/eminser.sas1","article_published_time":"2023-10-30T06:00:35+00:00","article_modified_time":"2023-11-18T13:57:47+00:00","og_image":[{"width":1024,"height":1024,"url":"https:\/\/www.eminser.com.co\/web\/wp-content\/uploads\/2023\/10\/Contar-ERP-11-1024x1024.png","type":"image\/png"}],"author":"Julian Felipe","twitter_card":"summary_large_image","twitter_misc":{"Escrito por":"Julian Felipe","Tiempo de lectura":"2 minutos"},"schema":{"@context":"https:\/\/schema.org","@graph":[{"@type":"Article","@id":"https:\/\/www.eminser.com.co\/web\/eminser-networking-contar-erp\/#article","isPartOf":{"@id":"https:\/\/www.eminser.com.co\/web\/eminser-networking-contar-erp\/"},"author":{"name":"Julian Felipe","@id":"https:\/\/www.eminser.com.co\/web\/#\/schema\/person\/880519565c85bd8140773a16b1e6cf1c"},"headline":"\u00c9xito y Conexiones: Eminser en el Networking de CONTAR ERP","datePublished":"2023-10-30T06:00:35+00:00","dateModified":"2023-11-18T13:57:47+00:00","mainEntityOfPage":{"@id":"https:\/\/www.eminser.com.co\/web\/eminser-networking-contar-erp\/"},"wordCount":310,"publisher":{"@id":"https:\/\/www.eminser.com.co\/web\/#organization"},"image":{"@id":"https:\/\/www.eminser.com.co\/web\/eminser-networking-contar-erp\/#primaryimage"},"thumbnailUrl":"https:\/\/www.eminser.com.co\/web\/wp-content\/uploads\/2023\/10\/Contar-ERP-11.png","articleSection":["Eventos"],"inLanguage":"es"},{"@type":"WebPage","@id":"https:\/\/www.eminser.com.co\/web\/eminser-networking-contar-erp\/","url":"https:\/\/www.eminser.com.co\/web\/eminser-networking-contar-erp\/","name":"\u00c9xito y Conexiones: Eminser en el Networking de CONTAR ERP - Eminser","isPartOf":{"@id":"https:\/\/www.eminser.com.co\/web\/#website"},"primaryImageOfPage":{"@id":"https:\/\/www.eminser.com.co\/web\/eminser-networking-contar-erp\/#primaryimage"},"image":{"@id":"https:\/\/www.eminser.com.co\/web\/eminser-networking-contar-erp\/#primaryimage"},"thumbnailUrl":"https:\/\/www.eminser.com.co\/web\/wp-content\/uploads\/2023\/10\/Contar-ERP-11.png","datePublished":"2023-10-30T06:00:35+00:00","dateModified":"2023-11-18T13:57:47+00:00","breadcrumb":{"@id":"https:\/\/www.eminser.com.co\/web\/eminser-networking-contar-erp\/#breadcrumb"},"inLanguage":"es","potentialAction":[{"@type":"ReadAction","target":["https:\/\/www.eminser.com.co\/web\/eminser-networking-contar-erp\/"]}]},{"@type":"ImageObject","inLanguage":"es","@id":"https:\/\/www.eminser.com.co\/web\/eminser-networking-contar-erp\/#primaryimage","url":"https:\/\/www.eminser.com.co\/web\/wp-content\/uploads\/2023\/10\/Contar-ERP-11.png","contentUrl":"https:\/\/www.eminser.com.co\/web\/wp-content\/uploads\/2023\/10\/Contar-ERP-11.png","width":1250,"height":1251},{"@type":"BreadcrumbList","@id":"https:\/\/www.eminser.com.co\/web\/eminser-networking-contar-erp\/#breadcrumb","itemListElement":[{"@type":"ListItem","position":1,"name":"Portada","item":"https:\/\/www.eminser.com.co\/web\/"},{"@type":"ListItem","position":2,"name":"\u00c9xito y Conexiones: Eminser en el Networking de CONTAR ERP"}]},{"@type":"WebSite","@id":"https:\/\/www.eminser.com.co\/web\/#website","url":"https:\/\/www.eminser.com.co\/web\/","name":"Eminser S.A.S","description":"Empresa de servicios de aseo","publisher":{"@id":"https:\/\/www.eminser.com.co\/web\/#organization"},"potentialAction":[{"@type":"SearchAction","target":{"@type":"EntryPoint","urlTemplate":"https:\/\/www.eminser.com.co\/web\/?s={search_term_string}"},"query-input":{"@type":"PropertyValueSpecification","valueRequired":true,"valueName":"search_term_string"}}],"inLanguage":"es"},{"@type":"Organization","@id":"https:\/\/www.eminser.com.co\/web\/#organization","name":"Eminser S.A.S","url":"https:\/\/www.eminser.com.co\/web\/","logo":{"@type":"ImageObject","inLanguage":"es","@id":"https:\/\/www.eminser.com.co\/web\/#\/schema\/logo\/image\/","url":"https:\/\/www.eminser.com.co\/web\/wp-content\/uploads\/2022\/08\/Recurso-2.png","contentUrl":"https:\/\/www.eminser.com.co\/web\/wp-content\/uploads\/2022\/08\/Recurso-2.png","width":1788,"height":805,"caption":"Eminser S.A.S"},"image":{"@id":"https:\/\/www.eminser.com.co\/web\/#\/schema\/logo\/image\/"},"sameAs":["https:\/\/www.facebook.com\/eminser.sas1","https:\/\/www.instagram.com\/eminser.sas\/","https:\/\/www.linkedin.com\/company\/eminser\/"]},{"@type":"Person","@id":"https:\/\/www.eminser.com.co\/web\/#\/schema\/person\/880519565c85bd8140773a16b1e6cf1c","name":"Julian Felipe","image":{"@type":"ImageObject","inLanguage":"es","@id":"https:\/\/secure.gravatar.com\/avatar\/1a51cc1655a902c5b1978ccee07c3890b923ef893962d606b3aaab1de765d15d?s=96&d=mm&r=g","url":"https:\/\/secure.gravatar.com\/avatar\/1a51cc1655a902c5b1978ccee07c3890b923ef893962d606b3aaab1de765d15d?s=96&d=mm&r=g","contentUrl":"https:\/\/secure.gravatar.com\/avatar\/1a51cc1655a902c5b1978ccee07c3890b923ef893962d606b3aaab1de765d15d?s=96&d=mm&r=g","caption":"Julian Felipe"}}]}},"amp_enabled":true,"rttpg_featured_image_url":{"full":["https:\/\/www.eminser.com.co\/web\/wp-content\/uploads\/2023\/10\/Contar-ERP-11.png",1250,1251,false],"landscape":["https:\/\/www.eminser.com.co\/web\/wp-content\/uploads\/2023\/10\/Contar-ERP-11.png",1250,1251,false],"portraits":["https:\/\/www.eminser.com.co\/web\/wp-content\/uploads\/2023\/10\/Contar-ERP-11.png",1250,1251,false],"thumbnail":["https:\/\/www.eminser.com.co\/web\/wp-content\/uploads\/2023\/10\/Contar-ERP-11-150x150.png",150,150,true],"medium":["https:\/\/www.eminser.com.co\/web\/wp-content\/uploads\/2023\/10\/Contar-ERP-11-300x300.png",300,300,true],"large":["https:\/\/www.eminser.com.co\/web\/wp-content\/uploads\/2023\/10\/Contar-ERP-11-1024x1024.png",1024,1024,true],"1536x1536":["https:\/\/www.eminser.com.co\/web\/wp-content\/uploads\/2023\/10\/Contar-ERP-11.png",1250,1251,false],"2048x2048":["https:\/\/www.eminser.com.co\/web\/wp-content\/uploads\/2023\/10\/Contar-ERP-11.png",1250,1251,false],"qi_addons_for_elementor_image_size_square":["https:\/\/www.eminser.com.co\/web\/wp-content\/uploads\/2023\/10\/Contar-ERP-11-650x650.png",650,650,true],"qi_addons_for_elementor_image_size_landscape":["https:\/\/www.eminser.com.co\/web\/wp-content\/uploads\/2023\/10\/Contar-ERP-11-1250x650.png",1250,650,true],"qi_addons_for_elementor_image_size_portrait":["https:\/\/www.eminser.com.co\/web\/wp-content\/uploads\/2023\/10\/Contar-ERP-11-650x1251.png",650,1251,true],"qi_addons_for_elementor_image_size_huge-square":["https:\/\/www.eminser.com.co\/web\/wp-content\/uploads\/2023\/10\/Contar-ERP-11.png",1250,1251,false]},"rttpg_author":{"display_name":"Julian Felipe","author_link":"https:\/\/www.eminser.com.co\/web\/author\/eminser\/"},"rttpg_comment":0,"rttpg_category":"<a href=\"https:\/\/www.eminser.com.co\/web\/eventos\/\" rel=\"category tag\">Eventos<\/a>","rttpg_excerpt":"El pasado 23 de octubre, EMINSER S.A.S particip\u00f3 en el evento de networking organizado por nuestro valioso aliado, CONTAR ERP. La jornada, que tuvo lugar en el reconocido Centro de Convenciones de Compensar, congreg\u00f3 a clientes de ContarERP, aliados estrat\u00e9gicos y representantes de Soporte L\u00f3gico SAS en un encuentro dedicado al fortalecimiento de relaciones comerciales&hellip;","_links":{"self":[{"href":"https:\/\/www.eminser.com.co\/web\/wp-json\/wp\/v2\/posts\/6929","targetHints":{"allow":["GET"]}}],"collection":[{"href":"https:\/\/www.eminser.com.co\/web\/wp-json\/wp\/v2\/posts"}],"about":[{"href":"https:\/\/www.eminser.com.co\/web\/wp-json\/wp\/v2\/types\/post"}],"author":[{"embeddable":true,"href":"https:\/\/www.eminser.com.co\/web\/wp-json\/wp\/v2\/users\/1"}],"replies":[{"embeddable":true,"href":"https:\/\/www.eminser.com.co\/web\/wp-json\/wp\/v2\/comments?post=6929"}],"version-history":[{"count":1,"href":"https:\/\/www.eminser.com.co\/web\/wp-json\/wp\/v2\/posts\/6929\/revisions"}],"predecessor-version":[{"id":6931,"href":"https:\/\/www.eminser.com.co\/web\/wp-json\/wp\/v2\/posts\/6929\/revisions\/6931"}],"wp:featuredmedia":[{"embeddable":true,"href":"https:\/\/www.eminser.com.co\/web\/wp-json\/wp\/v2\/media\/6932"}],"wp:attachment":[{"href":"https:\/\/www.eminser.com.co\/web\/wp-json\/wp\/v2\/media?parent=6929"}],"wp:term":[{"taxonomy":"category","embeddable":true,"href":"https:\/\/www.eminser.com.co\/web\/wp-json\/wp\/v2\/categories?post=6929"},{"taxonomy":"post_tag","embeddable":true,"href":"https:\/\/www.eminser.com.co\/web\/wp-json\/wp\/v2\/tags?post=6929"}],"curies":[{"name":"wp","href":"https:\/\/api.w.org\/{rel}","templated":true}]}}