{"id":6639,"date":"2023-07-15T14:52:36","date_gmt":"2023-07-15T09:52:36","guid":{"rendered":"https:\/\/www.eminser.com.co\/web\/?p=6639"},"modified":"2023-08-08T20:57:48","modified_gmt":"2023-08-08T15:57:48","slug":"madres-cabeza-de-familia-eminser2","status":"publish","type":"post","link":"https:\/\/www.eminser.com.co\/web\/madres-cabeza-de-familia-eminser2\/","title":{"rendered":"Voces Silenciosas, Historias Poderosas"},"content":{"rendered":"<p style=\"text-align: center;\"><span style=\"font-size: 18pt;\"><strong>Voces Silenciosas, Historias Poderosas<\/strong><\/span><\/p>\n<p>\u00a1Descubre las incre\u00edbles historias de vida de cuatro mujeres excepcionales en Eminser! <strong>Francy Rodr\u00edguez, Liliana Mart\u00ednez, Mar\u00eda del Carmen Ram\u00edrez Becerra y Yeraldin D\u00edaz<\/strong> son madres cabeza de familia que han enfrentado desaf\u00edos con fortaleza y determinaci\u00f3n.<\/p>\n<p>A trav\u00e9s de nuestras redes sociales en Instagram y Facebook, te invitamos a conocer c\u00f3mo estas mujeres han logrado equilibrar su vida profesional y familiar, inspirando a quienes las rodean con su ejemplo.<\/p>\n<p>Acomp\u00e1\u00f1anos en esta traves\u00eda de empoderamiento y descubre c\u00f3mo el esfuerzo y la dedicaci\u00f3n son la clave para alcanzar el \u00e9xito en todas las \u00e1reas de la vida. \u00a1No te pierdas sus conmovedoras historias!<\/p>\n<p><strong>Instagram<\/strong>: <a href=\"https:\/\/www.instagram.com\/eminser.sas\/\">https:\/\/www.instagram.com\/eminser.sas\/<\/a><\/p>\n<p><strong>Facebook<\/strong>: <a href=\"https:\/\/www.facebook.com\/eminser.sas1\">https:\/\/www.facebook.com\/eminser.sas1<\/a><\/p>\n","protected":false},"excerpt":{"rendered":"<p>Voces Silenciosas, Historias Poderosas \u00a1Descubre las incre\u00edbles historias de vida de cuatro mujeres excepcionales en Eminser! Francy Rodr\u00edguez, Liliana Mart\u00ednez, Mar\u00eda del Carmen Ram\u00edrez Becerra y Yeraldin D\u00edaz son madres cabeza de familia que han enfrentado desaf\u00edos con fortaleza y determinaci\u00f3n. A trav\u00e9s de nuestras redes sociales en Instagram y Facebook, te invitamos a conocer c\u00f3mo estas mujeres han logrado equilibrar su vida profesional y familiar, inspirando a quienes las rodean con su ejemplo. Acomp\u00e1\u00f1anos en esta traves\u00eda de empoderamiento y descubre c\u00f3mo el esfuerzo y la dedicaci\u00f3n son la clave para alcanzar el \u00e9xito en todas las \u00e1reas de la vida. \u00a1No te pierdas sus conmovedoras historias! Instagram: https:\/\/www.instagram.com\/eminser.sas\/ Facebook: https:\/\/www.facebook.com\/eminser.sas1<\/p>\n","protected":false},"author":1,"featured_media":6758,"comment_status":"closed","ping_status":"closed","sticky":false,"template":"","format":"standard","meta":{"site-sidebar-layout":"default","site-content-layout":"default","ast-site-content-layout":"default","site-content-style":"default","site-sidebar-style":"default","ast-global-header-display":"","ast-banner-title-visibility":"","ast-main-header-display":"","ast-hfb-above-header-display":"","ast-hfb-below-header-display":"","ast-hfb-mobile-header-display":"","site-post-title":"","ast-breadcrumbs-content":"","ast-featured-img":"","footer-sml-layout":"","ast-disable-related-posts":"","theme-transparent-header-meta":"default","adv-header-id-meta":"","stick-header-meta":"","header-above-stick-meta":"","header-main-stick-meta":"","header-below-stick-meta":"","astra-migrate-meta-layouts":"default","ast-page-background-enabled":"default","ast-page-background-meta":{"desktop":{"background-color":"var(--ast-global-color-4)","background-image":"","background-repeat":"repeat","background-position":"center center","background-size":"auto","background-attachment":"scroll","background-type":"","background-media":"","overlay-type":"","overlay-color":"","overlay-opacity":"","overlay-gradient":""},"tablet":{"background-color":"","background-image":"","background-repeat":"repeat","background-position":"center center","background-size":"auto","background-attachment":"scroll","background-type":"","background-media":"","overlay-type":"","overlay-color":"","overlay-opacity":"","overlay-gradient":""},"mobile":{"background-color":"","background-image":"","background-repeat":"repeat","background-position":"center center","background-size":"auto","background-attachment":"scroll","background-type":"","background-media":"","overlay-type":"","overlay-color":"","overlay-opacity":"","overlay-gradient":""}},"ast-content-background-meta":{"desktop":{"background-color":"var(--ast-global-color-5)","background-image":"","background-repeat":"repeat","background-position":"center center","background-size":"auto","background-attachment":"scroll","background-type":"","background-media":"","overlay-type":"","overlay-color":"","overlay-opacity":"","overlay-gradient":""},"tablet":{"background-color":"var(--ast-global-color-5)","background-image":"","background-repeat":"repeat","background-position":"center center","background-size":"auto","background-attachment":"scroll","background-type":"","background-media":"","overlay-type":"","overlay-color":"","overlay-opacity":"","overlay-gradient":""},"mobile":{"background-color":"var(--ast-global-color-5)","background-image":"","background-repeat":"repeat","background-position":"center center","background-size":"auto","background-attachment":"scroll","background-type":"","background-media":"","overlay-type":"","overlay-color":"","overlay-opacity":"","overlay-gradient":""}},"footnotes":""},"categories":[588],"tags":[],"class_list":["post-6639","post","type-post","status-publish","format-standard","has-post-thumbnail","hentry","category-colaboradores"],"yoast_head":"<!-- This site is optimized with the Yoast SEO plugin v28.4 - https:\/\/yoast.com\/product\/yoast-seo-wordpress\/ -->\n<title>Voces Silenciosas, Historias Poderosas - Eminser<\/title>\n<meta name=\"description\" content=\"\u00a1Descubre las incre\u00edbles historias de vida de cuatro mujeres excepcionales en Eminser! Francy Rodr\u00edguez, Liliana Mart\u00ednez, Mar\u00eda del Carmen Ram\u00edrez Becerra y Yeraldin D\u00edaz son madres cabeza de familia que han enfrentado desaf\u00edos con fortaleza y determinaci\u00f3n.\" \/>\n<meta name=\"robots\" content=\"index, follow, max-snippet:-1, max-image-preview:large, max-video-preview:-1\" \/>\n<link rel=\"canonical\" href=\"https:\/\/www.eminser.com.co\/web\/madres-cabeza-de-familia-eminser2\/\" \/>\n<meta property=\"og:locale\" content=\"es_ES\" \/>\n<meta property=\"og:type\" content=\"article\" \/>\n<meta property=\"og:title\" content=\"Voces Silenciosas, Historias Poderosas - Eminser\" \/>\n<meta property=\"og:description\" content=\"\u00a1Descubre las incre\u00edbles historias de vida de cuatro mujeres excepcionales en Eminser! Francy Rodr\u00edguez, Liliana Mart\u00ednez, Mar\u00eda del Carmen Ram\u00edrez Becerra y Yeraldin D\u00edaz son madres cabeza de familia que han enfrentado desaf\u00edos con fortaleza y determinaci\u00f3n.\" \/>\n<meta property=\"og:url\" content=\"https:\/\/www.eminser.com.co\/web\/madres-cabeza-de-familia-eminser2\/\" \/>\n<meta property=\"og:site_name\" content=\"Eminser\" \/>\n<meta property=\"article:publisher\" content=\"https:\/\/www.facebook.com\/eminser.sas1\" \/>\n<meta property=\"article:published_time\" content=\"2023-07-15T09:52:36+00:00\" \/>\n<meta property=\"article:modified_time\" content=\"2023-08-08T15:57:48+00:00\" \/>\n<meta property=\"og:image\" content=\"https:\/\/www.eminser.com.co\/web\/wp-content\/uploads\/2023\/07\/Portadas-Blog-05-1024x1024.png\" \/>\n\t<meta property=\"og:image:width\" content=\"1024\" \/>\n\t<meta property=\"og:image:height\" content=\"1024\" \/>\n\t<meta property=\"og:image:type\" content=\"image\/png\" \/>\n<meta name=\"author\" content=\"Julian Felipe\" \/>\n<meta name=\"twitter:card\" content=\"summary_large_image\" \/>\n<meta name=\"twitter:label1\" content=\"Escrito por\" \/>\n\t<meta name=\"twitter:data1\" content=\"Julian Felipe\" \/>\n\t<meta name=\"twitter:label2\" content=\"Tiempo de lectura\" \/>\n\t<meta name=\"twitter:data2\" content=\"1 minuto\" \/>\n<script type=\"application\/ld+json\" class=\"yoast-schema-graph\">{\"@context\":\"https:\\\/\\\/schema.org\",\"@graph\":[{\"@type\":\"Article\",\"@id\":\"https:\\\/\\\/www.eminser.com.co\\\/web\\\/madres-cabeza-de-familia-eminser2\\\/#article\",\"isPartOf\":{\"@id\":\"https:\\\/\\\/www.eminser.com.co\\\/web\\\/madres-cabeza-de-familia-eminser2\\\/\"},\"author\":{\"name\":\"Julian Felipe\",\"@id\":\"https:\\\/\\\/www.eminser.com.co\\\/web\\\/#\\\/schema\\\/person\\\/880519565c85bd8140773a16b1e6cf1c\"},\"headline\":\"Voces Silenciosas, Historias Poderosas\",\"datePublished\":\"2023-07-15T09:52:36+00:00\",\"dateModified\":\"2023-08-08T15:57:48+00:00\",\"mainEntityOfPage\":{\"@id\":\"https:\\\/\\\/www.eminser.com.co\\\/web\\\/madres-cabeza-de-familia-eminser2\\\/\"},\"wordCount\":140,\"publisher\":{\"@id\":\"https:\\\/\\\/www.eminser.com.co\\\/web\\\/#organization\"},\"image\":{\"@id\":\"https:\\\/\\\/www.eminser.com.co\\\/web\\\/madres-cabeza-de-familia-eminser2\\\/#primaryimage\"},\"thumbnailUrl\":\"https:\\\/\\\/www.eminser.com.co\\\/web\\\/wp-content\\\/uploads\\\/2023\\\/07\\\/Portadas-Blog-05.png\",\"articleSection\":[\"Colaboradores\"],\"inLanguage\":\"es\"},{\"@type\":\"WebPage\",\"@id\":\"https:\\\/\\\/www.eminser.com.co\\\/web\\\/madres-cabeza-de-familia-eminser2\\\/\",\"url\":\"https:\\\/\\\/www.eminser.com.co\\\/web\\\/madres-cabeza-de-familia-eminser2\\\/\",\"name\":\"Voces Silenciosas, Historias Poderosas - Eminser\",\"isPartOf\":{\"@id\":\"https:\\\/\\\/www.eminser.com.co\\\/web\\\/#website\"},\"primaryImageOfPage\":{\"@id\":\"https:\\\/\\\/www.eminser.com.co\\\/web\\\/madres-cabeza-de-familia-eminser2\\\/#primaryimage\"},\"image\":{\"@id\":\"https:\\\/\\\/www.eminser.com.co\\\/web\\\/madres-cabeza-de-familia-eminser2\\\/#primaryimage\"},\"thumbnailUrl\":\"https:\\\/\\\/www.eminser.com.co\\\/web\\\/wp-content\\\/uploads\\\/2023\\\/07\\\/Portadas-Blog-05.png\",\"datePublished\":\"2023-07-15T09:52:36+00:00\",\"dateModified\":\"2023-08-08T15:57:48+00:00\",\"description\":\"\u00a1Descubre las incre\u00edbles historias de vida de cuatro mujeres excepcionales en Eminser! Francy Rodr\u00edguez, Liliana Mart\u00ednez, Mar\u00eda del Carmen Ram\u00edrez Becerra y Yeraldin D\u00edaz son madres cabeza de familia que han enfrentado desaf\u00edos con fortaleza y determinaci\u00f3n.\",\"breadcrumb\":{\"@id\":\"https:\\\/\\\/www.eminser.com.co\\\/web\\\/madres-cabeza-de-familia-eminser2\\\/#breadcrumb\"},\"inLanguage\":\"es\",\"potentialAction\":[{\"@type\":\"ReadAction\",\"target\":[\"https:\\\/\\\/www.eminser.com.co\\\/web\\\/madres-cabeza-de-familia-eminser2\\\/\"]}]},{\"@type\":\"ImageObject\",\"inLanguage\":\"es\",\"@id\":\"https:\\\/\\\/www.eminser.com.co\\\/web\\\/madres-cabeza-de-familia-eminser2\\\/#primaryimage\",\"url\":\"https:\\\/\\\/www.eminser.com.co\\\/web\\\/wp-content\\\/uploads\\\/2023\\\/07\\\/Portadas-Blog-05.png\",\"contentUrl\":\"https:\\\/\\\/www.eminser.com.co\\\/web\\\/wp-content\\\/uploads\\\/2023\\\/07\\\/Portadas-Blog-05.png\",\"width\":1251,\"height\":1250},{\"@type\":\"BreadcrumbList\",\"@id\":\"https:\\\/\\\/www.eminser.com.co\\\/web\\\/madres-cabeza-de-familia-eminser2\\\/#breadcrumb\",\"itemListElement\":[{\"@type\":\"ListItem\",\"position\":1,\"name\":\"Portada\",\"item\":\"https:\\\/\\\/www.eminser.com.co\\\/web\\\/\"},{\"@type\":\"ListItem\",\"position\":2,\"name\":\"Voces Silenciosas, Historias Poderosas\"}]},{\"@type\":\"WebSite\",\"@id\":\"https:\\\/\\\/www.eminser.com.co\\\/web\\\/#website\",\"url\":\"https:\\\/\\\/www.eminser.com.co\\\/web\\\/\",\"name\":\"Eminser S.A.S\",\"description\":\"Empresa de servicios de aseo\",\"publisher\":{\"@id\":\"https:\\\/\\\/www.eminser.com.co\\\/web\\\/#organization\"},\"potentialAction\":[{\"@type\":\"SearchAction\",\"target\":{\"@type\":\"EntryPoint\",\"urlTemplate\":\"https:\\\/\\\/www.eminser.com.co\\\/web\\\/?s={search_term_string}\"},\"query-input\":{\"@type\":\"PropertyValueSpecification\",\"valueRequired\":true,\"valueName\":\"search_term_string\"}}],\"inLanguage\":\"es\"},{\"@type\":\"Organization\",\"@id\":\"https:\\\/\\\/www.eminser.com.co\\\/web\\\/#organization\",\"name\":\"Eminser S.A.S\",\"url\":\"https:\\\/\\\/www.eminser.com.co\\\/web\\\/\",\"logo\":{\"@type\":\"ImageObject\",\"inLanguage\":\"es\",\"@id\":\"https:\\\/\\\/www.eminser.com.co\\\/web\\\/#\\\/schema\\\/logo\\\/image\\\/\",\"url\":\"https:\\\/\\\/www.eminser.com.co\\\/web\\\/wp-content\\\/uploads\\\/2022\\\/08\\\/Recurso-2.png\",\"contentUrl\":\"https:\\\/\\\/www.eminser.com.co\\\/web\\\/wp-content\\\/uploads\\\/2022\\\/08\\\/Recurso-2.png\",\"width\":1788,\"height\":805,\"caption\":\"Eminser S.A.S\"},\"image\":{\"@id\":\"https:\\\/\\\/www.eminser.com.co\\\/web\\\/#\\\/schema\\\/logo\\\/image\\\/\"},\"sameAs\":[\"https:\\\/\\\/www.facebook.com\\\/eminser.sas1\",\"https:\\\/\\\/www.instagram.com\\\/eminser.sas\\\/\",\"https:\\\/\\\/www.linkedin.com\\\/company\\\/eminser\\\/\"]},{\"@type\":\"Person\",\"@id\":\"https:\\\/\\\/www.eminser.com.co\\\/web\\\/#\\\/schema\\\/person\\\/880519565c85bd8140773a16b1e6cf1c\",\"name\":\"Julian Felipe\",\"image\":{\"@type\":\"ImageObject\",\"inLanguage\":\"es\",\"@id\":\"https:\\\/\\\/secure.gravatar.com\\\/avatar\\\/1a51cc1655a902c5b1978ccee07c3890b923ef893962d606b3aaab1de765d15d?s=96&d=mm&r=g\",\"url\":\"https:\\\/\\\/secure.gravatar.com\\\/avatar\\\/1a51cc1655a902c5b1978ccee07c3890b923ef893962d606b3aaab1de765d15d?s=96&d=mm&r=g\",\"contentUrl\":\"https:\\\/\\\/secure.gravatar.com\\\/avatar\\\/1a51cc1655a902c5b1978ccee07c3890b923ef893962d606b3aaab1de765d15d?s=96&d=mm&r=g\",\"caption\":\"Julian Felipe\"}}]}<\/script>\n<!-- \/ Yoast SEO plugin. -->","yoast_head_json":{"title":"Voces Silenciosas, Historias Poderosas - Eminser","description":"\u00a1Descubre las incre\u00edbles historias de vida de cuatro mujeres excepcionales en Eminser! Francy Rodr\u00edguez, Liliana Mart\u00ednez, Mar\u00eda del Carmen Ram\u00edrez Becerra y Yeraldin D\u00edaz son madres cabeza de familia que han enfrentado desaf\u00edos con fortaleza y determinaci\u00f3n.","robots":{"index":"index","follow":"follow","max-snippet":"max-snippet:-1","max-image-preview":"max-image-preview:large","max-video-preview":"max-video-preview:-1"},"canonical":"https:\/\/www.eminser.com.co\/web\/madres-cabeza-de-familia-eminser2\/","og_locale":"es_ES","og_type":"article","og_title":"Voces Silenciosas, Historias Poderosas - Eminser","og_description":"\u00a1Descubre las incre\u00edbles historias de vida de cuatro mujeres excepcionales en Eminser! Francy Rodr\u00edguez, Liliana Mart\u00ednez, Mar\u00eda del Carmen Ram\u00edrez Becerra y Yeraldin D\u00edaz son madres cabeza de familia que han enfrentado desaf\u00edos con fortaleza y determinaci\u00f3n.","og_url":"https:\/\/www.eminser.com.co\/web\/madres-cabeza-de-familia-eminser2\/","og_site_name":"Eminser","article_publisher":"https:\/\/www.facebook.com\/eminser.sas1","article_published_time":"2023-07-15T09:52:36+00:00","article_modified_time":"2023-08-08T15:57:48+00:00","og_image":[{"width":1024,"height":1024,"url":"https:\/\/www.eminser.com.co\/web\/wp-content\/uploads\/2023\/07\/Portadas-Blog-05-1024x1024.png","type":"image\/png"}],"author":"Julian Felipe","twitter_card":"summary_large_image","twitter_misc":{"Escrito por":"Julian Felipe","Tiempo de lectura":"1 minuto"},"schema":{"@context":"https:\/\/schema.org","@graph":[{"@type":"Article","@id":"https:\/\/www.eminser.com.co\/web\/madres-cabeza-de-familia-eminser2\/#article","isPartOf":{"@id":"https:\/\/www.eminser.com.co\/web\/madres-cabeza-de-familia-eminser2\/"},"author":{"name":"Julian Felipe","@id":"https:\/\/www.eminser.com.co\/web\/#\/schema\/person\/880519565c85bd8140773a16b1e6cf1c"},"headline":"Voces Silenciosas, Historias Poderosas","datePublished":"2023-07-15T09:52:36+00:00","dateModified":"2023-08-08T15:57:48+00:00","mainEntityOfPage":{"@id":"https:\/\/www.eminser.com.co\/web\/madres-cabeza-de-familia-eminser2\/"},"wordCount":140,"publisher":{"@id":"https:\/\/www.eminser.com.co\/web\/#organization"},"image":{"@id":"https:\/\/www.eminser.com.co\/web\/madres-cabeza-de-familia-eminser2\/#primaryimage"},"thumbnailUrl":"https:\/\/www.eminser.com.co\/web\/wp-content\/uploads\/2023\/07\/Portadas-Blog-05.png","articleSection":["Colaboradores"],"inLanguage":"es"},{"@type":"WebPage","@id":"https:\/\/www.eminser.com.co\/web\/madres-cabeza-de-familia-eminser2\/","url":"https:\/\/www.eminser.com.co\/web\/madres-cabeza-de-familia-eminser2\/","name":"Voces Silenciosas, Historias Poderosas - Eminser","isPartOf":{"@id":"https:\/\/www.eminser.com.co\/web\/#website"},"primaryImageOfPage":{"@id":"https:\/\/www.eminser.com.co\/web\/madres-cabeza-de-familia-eminser2\/#primaryimage"},"image":{"@id":"https:\/\/www.eminser.com.co\/web\/madres-cabeza-de-familia-eminser2\/#primaryimage"},"thumbnailUrl":"https:\/\/www.eminser.com.co\/web\/wp-content\/uploads\/2023\/07\/Portadas-Blog-05.png","datePublished":"2023-07-15T09:52:36+00:00","dateModified":"2023-08-08T15:57:48+00:00","description":"\u00a1Descubre las incre\u00edbles historias de vida de cuatro mujeres excepcionales en Eminser! Francy Rodr\u00edguez, Liliana Mart\u00ednez, Mar\u00eda del Carmen Ram\u00edrez Becerra y Yeraldin D\u00edaz son madres cabeza de familia que han enfrentado desaf\u00edos con fortaleza y determinaci\u00f3n.","breadcrumb":{"@id":"https:\/\/www.eminser.com.co\/web\/madres-cabeza-de-familia-eminser2\/#breadcrumb"},"inLanguage":"es","potentialAction":[{"@type":"ReadAction","target":["https:\/\/www.eminser.com.co\/web\/madres-cabeza-de-familia-eminser2\/"]}]},{"@type":"ImageObject","inLanguage":"es","@id":"https:\/\/www.eminser.com.co\/web\/madres-cabeza-de-familia-eminser2\/#primaryimage","url":"https:\/\/www.eminser.com.co\/web\/wp-content\/uploads\/2023\/07\/Portadas-Blog-05.png","contentUrl":"https:\/\/www.eminser.com.co\/web\/wp-content\/uploads\/2023\/07\/Portadas-Blog-05.png","width":1251,"height":1250},{"@type":"BreadcrumbList","@id":"https:\/\/www.eminser.com.co\/web\/madres-cabeza-de-familia-eminser2\/#breadcrumb","itemListElement":[{"@type":"ListItem","position":1,"name":"Portada","item":"https:\/\/www.eminser.com.co\/web\/"},{"@type":"ListItem","position":2,"name":"Voces Silenciosas, Historias Poderosas"}]},{"@type":"WebSite","@id":"https:\/\/www.eminser.com.co\/web\/#website","url":"https:\/\/www.eminser.com.co\/web\/","name":"Eminser S.A.S","description":"Empresa de servicios de aseo","publisher":{"@id":"https:\/\/www.eminser.com.co\/web\/#organization"},"potentialAction":[{"@type":"SearchAction","target":{"@type":"EntryPoint","urlTemplate":"https:\/\/www.eminser.com.co\/web\/?s={search_term_string}"},"query-input":{"@type":"PropertyValueSpecification","valueRequired":true,"valueName":"search_term_string"}}],"inLanguage":"es"},{"@type":"Organization","@id":"https:\/\/www.eminser.com.co\/web\/#organization","name":"Eminser S.A.S","url":"https:\/\/www.eminser.com.co\/web\/","logo":{"@type":"ImageObject","inLanguage":"es","@id":"https:\/\/www.eminser.com.co\/web\/#\/schema\/logo\/image\/","url":"https:\/\/www.eminser.com.co\/web\/wp-content\/uploads\/2022\/08\/Recurso-2.png","contentUrl":"https:\/\/www.eminser.com.co\/web\/wp-content\/uploads\/2022\/08\/Recurso-2.png","width":1788,"height":805,"caption":"Eminser S.A.S"},"image":{"@id":"https:\/\/www.eminser.com.co\/web\/#\/schema\/logo\/image\/"},"sameAs":["https:\/\/www.facebook.com\/eminser.sas1","https:\/\/www.instagram.com\/eminser.sas\/","https:\/\/www.linkedin.com\/company\/eminser\/"]},{"@type":"Person","@id":"https:\/\/www.eminser.com.co\/web\/#\/schema\/person\/880519565c85bd8140773a16b1e6cf1c","name":"Julian Felipe","image":{"@type":"ImageObject","inLanguage":"es","@id":"https:\/\/secure.gravatar.com\/avatar\/1a51cc1655a902c5b1978ccee07c3890b923ef893962d606b3aaab1de765d15d?s=96&d=mm&r=g","url":"https:\/\/secure.gravatar.com\/avatar\/1a51cc1655a902c5b1978ccee07c3890b923ef893962d606b3aaab1de765d15d?s=96&d=mm&r=g","contentUrl":"https:\/\/secure.gravatar.com\/avatar\/1a51cc1655a902c5b1978ccee07c3890b923ef893962d606b3aaab1de765d15d?s=96&d=mm&r=g","caption":"Julian Felipe"}}]}},"amp_enabled":true,"rttpg_featured_image_url":{"full":["https:\/\/www.eminser.com.co\/web\/wp-content\/uploads\/2023\/07\/Portadas-Blog-05.png",1251,1250,false],"landscape":["https:\/\/www.eminser.com.co\/web\/wp-content\/uploads\/2023\/07\/Portadas-Blog-05.png",1251,1250,false],"portraits":["https:\/\/www.eminser.com.co\/web\/wp-content\/uploads\/2023\/07\/Portadas-Blog-05.png",1251,1250,false],"thumbnail":["https:\/\/www.eminser.com.co\/web\/wp-content\/uploads\/2023\/07\/Portadas-Blog-05-150x150.png",150,150,true],"medium":["https:\/\/www.eminser.com.co\/web\/wp-content\/uploads\/2023\/07\/Portadas-Blog-05-300x300.png",300,300,true],"large":["https:\/\/www.eminser.com.co\/web\/wp-content\/uploads\/2023\/07\/Portadas-Blog-05-1024x1024.png",1024,1024,true],"1536x1536":["https:\/\/www.eminser.com.co\/web\/wp-content\/uploads\/2023\/07\/Portadas-Blog-05.png",1251,1250,false],"2048x2048":["https:\/\/www.eminser.com.co\/web\/wp-content\/uploads\/2023\/07\/Portadas-Blog-05.png",1251,1250,false],"qi_addons_for_elementor_image_size_square":["https:\/\/www.eminser.com.co\/web\/wp-content\/uploads\/2023\/07\/Portadas-Blog-05-650x650.png",650,650,true],"qi_addons_for_elementor_image_size_landscape":["https:\/\/www.eminser.com.co\/web\/wp-content\/uploads\/2023\/07\/Portadas-Blog-05-1251x650.png",1251,650,true],"qi_addons_for_elementor_image_size_portrait":["https:\/\/www.eminser.com.co\/web\/wp-content\/uploads\/2023\/07\/Portadas-Blog-05-650x1250.png",650,1250,true],"qi_addons_for_elementor_image_size_huge-square":["https:\/\/www.eminser.com.co\/web\/wp-content\/uploads\/2023\/07\/Portadas-Blog-05.png",1251,1250,false]},"rttpg_author":{"display_name":"Julian Felipe","author_link":"https:\/\/www.eminser.com.co\/web\/author\/eminser\/"},"rttpg_comment":0,"rttpg_category":"<a href=\"https:\/\/www.eminser.com.co\/web\/colaboradores\/\" rel=\"category tag\">Colaboradores<\/a>","rttpg_excerpt":"Voces Silenciosas, Historias Poderosas \u00a1Descubre las incre\u00edbles historias de vida de cuatro mujeres excepcionales en Eminser! Francy Rodr\u00edguez, Liliana Mart\u00ednez, Mar\u00eda del Carmen Ram\u00edrez Becerra y Yeraldin D\u00edaz son madres cabeza de familia que han enfrentado desaf\u00edos con fortaleza y determinaci\u00f3n. A trav\u00e9s de nuestras redes sociales en Instagram y Facebook, te invitamos a conocer&hellip;","_links":{"self":[{"href":"https:\/\/www.eminser.com.co\/web\/wp-json\/wp\/v2\/posts\/6639","targetHints":{"allow":["GET"]}}],"collection":[{"href":"https:\/\/www.eminser.com.co\/web\/wp-json\/wp\/v2\/posts"}],"about":[{"href":"https:\/\/www.eminser.com.co\/web\/wp-json\/wp\/v2\/types\/post"}],"author":[{"embeddable":true,"href":"https:\/\/www.eminser.com.co\/web\/wp-json\/wp\/v2\/users\/1"}],"replies":[{"embeddable":true,"href":"https:\/\/www.eminser.com.co\/web\/wp-json\/wp\/v2\/comments?post=6639"}],"version-history":[{"count":1,"href":"https:\/\/www.eminser.com.co\/web\/wp-json\/wp\/v2\/posts\/6639\/revisions"}],"predecessor-version":[{"id":6643,"href":"https:\/\/www.eminser.com.co\/web\/wp-json\/wp\/v2\/posts\/6639\/revisions\/6643"}],"wp:featuredmedia":[{"embeddable":true,"href":"https:\/\/www.eminser.com.co\/web\/wp-json\/wp\/v2\/media\/6758"}],"wp:attachment":[{"href":"https:\/\/www.eminser.com.co\/web\/wp-json\/wp\/v2\/media?parent=6639"}],"wp:term":[{"taxonomy":"category","embeddable":true,"href":"https:\/\/www.eminser.com.co\/web\/wp-json\/wp\/v2\/categories?post=6639"},{"taxonomy":"post_tag","embeddable":true,"href":"https:\/\/www.eminser.com.co\/web\/wp-json\/wp\/v2\/tags?post=6639"}],"curies":[{"name":"wp","href":"https:\/\/api.w.org\/{rel}","templated":true}]}}