{"id":6633,"date":"2023-07-01T13:00:50","date_gmt":"2023-07-01T08:00:50","guid":{"rendered":"https:\/\/www.eminser.com.co\/web\/?p=6633"},"modified":"2023-08-08T20:56:39","modified_gmt":"2023-08-08T15:56:39","slug":"madres-cabeza-de-familia-eminser","status":"publish","type":"post","link":"https:\/\/www.eminser.com.co\/web\/madres-cabeza-de-familia-eminser\/","title":{"rendered":"Homenaje a Madres Cabeza de Familia"},"content":{"rendered":"<p style=\"text-align: center;\"><span style=\"font-size: 18pt;\"><strong>Eminser: Empoderando a Madres Cabeza de Familia<\/strong><\/span><\/p>\n<p>Este mes, en Eminser, hemos decidido dedicar el espacio en nuestras redes sociales a las <strong>madres cabeza de familia<\/strong> que forman parte fundamental de nuestra compa\u00f1\u00eda. Esta iniciativa surge con el objetivo de reconocer y honrar la valiosa labor de estas mujeres, quienes representan el<strong> 85% de las trabajadoras de nuestra empresa<\/strong>.<\/p>\n<p>El papel que desempe\u00f1an las madres cabeza de familia en nuestra organizaci\u00f3n es de vital importancia, ya que equilibran responsabilidades profesionales con el cuidado y crianza de sus hijos, enfrentando desaf\u00edos diarios con fortaleza y determinaci\u00f3n. Muchas de ellas llevan a cabo una labor silenciosa y a menudo pasan desapercibidas, pero sus historias y experiencias son verdaderamente poderosas y merecen ser destacadas.<\/p>\n<p>Es por esto que hemos titulado esta sesi\u00f3n especial como <strong>\u00abVoces Silenciosas, Historias Poderosas\u00bb<\/strong>. Queremos brindarles un espacio donde puedan compartir sus trayectorias, retos superados, logros alcanzados y lecciones aprendidas. A trav\u00e9s de estas historias, esperamos inspirar a otras mujeres y a la sociedad en general, mostrando que es posible conciliar la vida laboral y familiar, y que el esfuerzo y dedicaci\u00f3n son la clave para alcanzar el \u00e9xito en todas las \u00e1reas de la vida.<\/p>\n<p>En Eminser, valoramos la diversidad y la igualdad de oportunidades. Reconocemos el esfuerzo y la dedicaci\u00f3n de todas nuestras colaboradoras, y especialmente el de las madres cabeza de familia, quienes aportan una perspectiva \u00fanica y enriquecedora a nuestro equipo. Queremos que sus voces sean escuchadas, que sus historias sean compartidas y que su ejemplo inspire a otros a perseguir sus sue\u00f1os y metas, sin importar las circunstancias que enfrenten en la vida.<\/p>\n<p>En resumen, <strong>\u00abVoces Silenciosas, Historias Poderosas\u00bb<\/strong> es nuestra forma de celebrar y homenajear a las madres cabeza de familia de Eminser, resaltando su valiosa contribuci\u00f3n a nuestra compa\u00f1\u00eda y a la sociedad en general. Su dedicaci\u00f3n y esfuerzo merecen ser reconocidos y celebrados, y esperamos que esta iniciativa inspire a muchos otros a valorar y apoyar la diversidad y el empoderamiento femenino en el \u00e1mbito laboral.<\/p>\n<p><strong>Redes Sociales:\u00a0<\/strong><\/p>\n<p><strong>Instagram:\u00a0<\/strong><a href=\"https:\/\/www.instagram.com\/eminser.sas\/\">https:\/\/www.instagram.com\/eminser.sas\/<\/a><\/p>\n<p><strong>Facebook:<\/strong>\u00a0<a href=\"https:\/\/www.facebook.com\/eminser.sas1\/\">https:\/\/www.facebook.com\/eminser.sas1\/<\/a><\/p>\n<p><strong>LinkedIn:\u00a0<\/strong><a href=\"https:\/\/www.linkedin.com\/company\/eminser\/\">https:\/\/www.linkedin.com\/company\/eminser\/<\/a><\/p>\n","protected":false},"excerpt":{"rendered":"<p>Eminser: Empoderando a Madres Cabeza de Familia Este mes, en Eminser, hemos decidido dedicar el espacio en nuestras redes sociales a las madres cabeza de familia que forman parte fundamental de nuestra compa\u00f1\u00eda. Esta iniciativa surge con el objetivo de reconocer y honrar la valiosa labor de estas mujeres, quienes representan el 85% de las trabajadoras de nuestra empresa. El papel que desempe\u00f1an las madres cabeza de familia en nuestra organizaci\u00f3n es de vital importancia, ya que equilibran responsabilidades profesionales con el cuidado y crianza de sus hijos, enfrentando desaf\u00edos diarios con fortaleza y determinaci\u00f3n. Muchas de ellas llevan a cabo una labor silenciosa y a menudo pasan desapercibidas, pero sus historias y experiencias son verdaderamente poderosas y merecen ser destacadas. Es por esto que hemos titulado esta sesi\u00f3n especial como \u00abVoces Silenciosas, Historias Poderosas\u00bb. Queremos brindarles un espacio donde puedan compartir sus trayectorias, retos superados, logros alcanzados y lecciones aprendidas. A trav\u00e9s de estas historias, esperamos inspirar a otras mujeres y a la sociedad en general, mostrando que es posible conciliar la vida laboral y familiar, y que el esfuerzo y dedicaci\u00f3n son la clave para alcanzar el \u00e9xito en todas las \u00e1reas de la vida. En Eminser, valoramos la diversidad y la igualdad de oportunidades. Reconocemos el esfuerzo y la dedicaci\u00f3n de todas nuestras colaboradoras, y especialmente el de las madres cabeza de familia, quienes aportan una perspectiva \u00fanica y enriquecedora a nuestro equipo. Queremos que sus voces sean escuchadas, que sus historias sean compartidas y que su ejemplo inspire a otros a perseguir sus sue\u00f1os y metas, sin importar las circunstancias que enfrenten en la vida. En resumen, \u00abVoces Silenciosas, Historias Poderosas\u00bb es nuestra forma de celebrar y homenajear a las madres cabeza de familia de Eminser, resaltando su valiosa contribuci\u00f3n a nuestra compa\u00f1\u00eda y a la sociedad en general. Su dedicaci\u00f3n y esfuerzo merecen ser reconocidos y celebrados, y esperamos que esta iniciativa inspire a muchos otros a valorar y apoyar la diversidad y el empoderamiento femenino en el \u00e1mbito laboral. Redes Sociales:\u00a0 Instagram:\u00a0https:\/\/www.instagram.com\/eminser.sas\/ Facebook:\u00a0https:\/\/www.facebook.com\/eminser.sas1\/ LinkedIn:\u00a0https:\/\/www.linkedin.com\/company\/eminser\/<\/p>\n","protected":false},"author":1,"featured_media":6753,"comment_status":"closed","ping_status":"closed","sticky":false,"template":"","format":"standard","meta":{"site-sidebar-layout":"default","site-content-layout":"default","ast-site-content-layout":"default","site-content-style":"default","site-sidebar-style":"default","ast-global-header-display":"","ast-banner-title-visibility":"","ast-main-header-display":"","ast-hfb-above-header-display":"","ast-hfb-below-header-display":"","ast-hfb-mobile-header-display":"","site-post-title":"","ast-breadcrumbs-content":"","ast-featured-img":"","footer-sml-layout":"","ast-disable-related-posts":"","theme-transparent-header-meta":"default","adv-header-id-meta":"","stick-header-meta":"","header-above-stick-meta":"","header-main-stick-meta":"","header-below-stick-meta":"","astra-migrate-meta-layouts":"default","ast-page-background-enabled":"default","ast-page-background-meta":{"desktop":{"background-color":"var(--ast-global-color-4)","background-image":"","background-repeat":"repeat","background-position":"center center","background-size":"auto","background-attachment":"scroll","background-type":"","background-media":"","overlay-type":"","overlay-color":"","overlay-opacity":"","overlay-gradient":""},"tablet":{"background-color":"","background-image":"","background-repeat":"repeat","background-position":"center center","background-size":"auto","background-attachment":"scroll","background-type":"","background-media":"","overlay-type":"","overlay-color":"","overlay-opacity":"","overlay-gradient":""},"mobile":{"background-color":"","background-image":"","background-repeat":"repeat","background-position":"center center","background-size":"auto","background-attachment":"scroll","background-type":"","background-media":"","overlay-type":"","overlay-color":"","overlay-opacity":"","overlay-gradient":""}},"ast-content-background-meta":{"desktop":{"background-color":"var(--ast-global-color-5)","background-image":"","background-repeat":"repeat","background-position":"center center","background-size":"auto","background-attachment":"scroll","background-type":"","background-media":"","overlay-type":"","overlay-color":"","overlay-opacity":"","overlay-gradient":""},"tablet":{"background-color":"var(--ast-global-color-5)","background-image":"","background-repeat":"repeat","background-position":"center center","background-size":"auto","background-attachment":"scroll","background-type":"","background-media":"","overlay-type":"","overlay-color":"","overlay-opacity":"","overlay-gradient":""},"mobile":{"background-color":"var(--ast-global-color-5)","background-image":"","background-repeat":"repeat","background-position":"center center","background-size":"auto","background-attachment":"scroll","background-type":"","background-media":"","overlay-type":"","overlay-color":"","overlay-opacity":"","overlay-gradient":""}},"footnotes":""},"categories":[588],"tags":[],"class_list":["post-6633","post","type-post","status-publish","format-standard","has-post-thumbnail","hentry","category-colaboradores"],"yoast_head":"<!-- This site is optimized with the Yoast SEO plugin v28.4 - https:\/\/yoast.com\/product\/yoast-seo-wordpress\/ -->\n<title>Homenaje a Madres Cabeza de Familia - Eminser<\/title>\n<meta name=\"description\" content=\"En Eminser, valoramos la diversidad y la igualdad de oportunidades. Reconocemos el esfuerzo y la dedicaci\u00f3n de todas nuestras colaboradoras, y especialmente el de las madres cabeza de familia, quienes aportan una perspectiva \u00fanica y enriquecedora a nuestro equipo. Queremos que sus voces sean escuchadas, que sus historias sean compartidas y que su ejemplo inspire a otros a perseguir sus sue\u00f1os y metas, sin importar las circunstancias que enfrenten en la vida.\" \/>\n<meta name=\"robots\" content=\"index, follow, max-snippet:-1, max-image-preview:large, max-video-preview:-1\" \/>\n<link rel=\"canonical\" href=\"https:\/\/www.eminser.com.co\/web\/madres-cabeza-de-familia-eminser\/\" \/>\n<meta property=\"og:locale\" content=\"es_ES\" \/>\n<meta property=\"og:type\" content=\"article\" \/>\n<meta property=\"og:title\" content=\"Homenaje a Madres Cabeza de Familia - Eminser\" \/>\n<meta property=\"og:description\" content=\"En Eminser, valoramos la diversidad y la igualdad de oportunidades. Reconocemos el esfuerzo y la dedicaci\u00f3n de todas nuestras colaboradoras, y especialmente el de las madres cabeza de familia, quienes aportan una perspectiva \u00fanica y enriquecedora a nuestro equipo. Queremos que sus voces sean escuchadas, que sus historias sean compartidas y que su ejemplo inspire a otros a perseguir sus sue\u00f1os y metas, sin importar las circunstancias que enfrenten en la vida.\" \/>\n<meta property=\"og:url\" content=\"https:\/\/www.eminser.com.co\/web\/madres-cabeza-de-familia-eminser\/\" \/>\n<meta property=\"og:site_name\" content=\"Eminser\" \/>\n<meta property=\"article:publisher\" content=\"https:\/\/www.facebook.com\/eminser.sas1\" \/>\n<meta property=\"article:published_time\" content=\"2023-07-01T08:00:50+00:00\" \/>\n<meta property=\"article:modified_time\" content=\"2023-08-08T15:56:39+00:00\" \/>\n<meta property=\"og:image\" content=\"https:\/\/www.eminser.com.co\/web\/wp-content\/uploads\/2023\/01\/Portadas-Blog_Mesa-de-trabajo-1.png\" \/>\n\t<meta property=\"og:image:width\" content=\"1250\" \/>\n\t<meta property=\"og:image:height\" content=\"1250\" \/>\n\t<meta property=\"og:image:type\" content=\"image\/png\" \/>\n<meta name=\"author\" content=\"Julian Felipe\" \/>\n<meta name=\"twitter:card\" content=\"summary_large_image\" \/>\n<meta name=\"twitter:label1\" content=\"Escrito por\" \/>\n\t<meta name=\"twitter:data1\" content=\"Julian Felipe\" \/>\n\t<meta name=\"twitter:label2\" content=\"Tiempo de lectura\" \/>\n\t<meta name=\"twitter:data2\" content=\"2 minutos\" \/>\n<script type=\"application\/ld+json\" class=\"yoast-schema-graph\">{\"@context\":\"https:\\\/\\\/schema.org\",\"@graph\":[{\"@type\":\"Article\",\"@id\":\"https:\\\/\\\/www.eminser.com.co\\\/web\\\/madres-cabeza-de-familia-eminser\\\/#article\",\"isPartOf\":{\"@id\":\"https:\\\/\\\/www.eminser.com.co\\\/web\\\/madres-cabeza-de-familia-eminser\\\/\"},\"author\":{\"name\":\"Julian Felipe\",\"@id\":\"https:\\\/\\\/www.eminser.com.co\\\/web\\\/#\\\/schema\\\/person\\\/880519565c85bd8140773a16b1e6cf1c\"},\"headline\":\"Homenaje a Madres Cabeza de Familia\",\"datePublished\":\"2023-07-01T08:00:50+00:00\",\"dateModified\":\"2023-08-08T15:56:39+00:00\",\"mainEntityOfPage\":{\"@id\":\"https:\\\/\\\/www.eminser.com.co\\\/web\\\/madres-cabeza-de-familia-eminser\\\/\"},\"wordCount\":376,\"publisher\":{\"@id\":\"https:\\\/\\\/www.eminser.com.co\\\/web\\\/#organization\"},\"image\":{\"@id\":\"https:\\\/\\\/www.eminser.com.co\\\/web\\\/madres-cabeza-de-familia-eminser\\\/#primaryimage\"},\"thumbnailUrl\":\"https:\\\/\\\/www.eminser.com.co\\\/web\\\/wp-content\\\/uploads\\\/2023\\\/01\\\/Portadas-Blog_Mesa-de-trabajo-1.png\",\"articleSection\":[\"Colaboradores\"],\"inLanguage\":\"es\"},{\"@type\":\"WebPage\",\"@id\":\"https:\\\/\\\/www.eminser.com.co\\\/web\\\/madres-cabeza-de-familia-eminser\\\/\",\"url\":\"https:\\\/\\\/www.eminser.com.co\\\/web\\\/madres-cabeza-de-familia-eminser\\\/\",\"name\":\"Homenaje a Madres Cabeza de Familia - Eminser\",\"isPartOf\":{\"@id\":\"https:\\\/\\\/www.eminser.com.co\\\/web\\\/#website\"},\"primaryImageOfPage\":{\"@id\":\"https:\\\/\\\/www.eminser.com.co\\\/web\\\/madres-cabeza-de-familia-eminser\\\/#primaryimage\"},\"image\":{\"@id\":\"https:\\\/\\\/www.eminser.com.co\\\/web\\\/madres-cabeza-de-familia-eminser\\\/#primaryimage\"},\"thumbnailUrl\":\"https:\\\/\\\/www.eminser.com.co\\\/web\\\/wp-content\\\/uploads\\\/2023\\\/01\\\/Portadas-Blog_Mesa-de-trabajo-1.png\",\"datePublished\":\"2023-07-01T08:00:50+00:00\",\"dateModified\":\"2023-08-08T15:56:39+00:00\",\"description\":\"En Eminser, valoramos la diversidad y la igualdad de oportunidades. Reconocemos el esfuerzo y la dedicaci\u00f3n de todas nuestras colaboradoras, y especialmente el de las madres cabeza de familia, quienes aportan una perspectiva \u00fanica y enriquecedora a nuestro equipo. Queremos que sus voces sean escuchadas, que sus historias sean compartidas y que su ejemplo inspire a otros a perseguir sus sue\u00f1os y metas, sin importar las circunstancias que enfrenten en la vida.\",\"breadcrumb\":{\"@id\":\"https:\\\/\\\/www.eminser.com.co\\\/web\\\/madres-cabeza-de-familia-eminser\\\/#breadcrumb\"},\"inLanguage\":\"es\",\"potentialAction\":[{\"@type\":\"ReadAction\",\"target\":[\"https:\\\/\\\/www.eminser.com.co\\\/web\\\/madres-cabeza-de-familia-eminser\\\/\"]}]},{\"@type\":\"ImageObject\",\"inLanguage\":\"es\",\"@id\":\"https:\\\/\\\/www.eminser.com.co\\\/web\\\/madres-cabeza-de-familia-eminser\\\/#primaryimage\",\"url\":\"https:\\\/\\\/www.eminser.com.co\\\/web\\\/wp-content\\\/uploads\\\/2023\\\/01\\\/Portadas-Blog_Mesa-de-trabajo-1.png\",\"contentUrl\":\"https:\\\/\\\/www.eminser.com.co\\\/web\\\/wp-content\\\/uploads\\\/2023\\\/01\\\/Portadas-Blog_Mesa-de-trabajo-1.png\",\"width\":1250,\"height\":1250},{\"@type\":\"BreadcrumbList\",\"@id\":\"https:\\\/\\\/www.eminser.com.co\\\/web\\\/madres-cabeza-de-familia-eminser\\\/#breadcrumb\",\"itemListElement\":[{\"@type\":\"ListItem\",\"position\":1,\"name\":\"Portada\",\"item\":\"https:\\\/\\\/www.eminser.com.co\\\/web\\\/\"},{\"@type\":\"ListItem\",\"position\":2,\"name\":\"Homenaje a Madres Cabeza de Familia\"}]},{\"@type\":\"WebSite\",\"@id\":\"https:\\\/\\\/www.eminser.com.co\\\/web\\\/#website\",\"url\":\"https:\\\/\\\/www.eminser.com.co\\\/web\\\/\",\"name\":\"Eminser S.A.S\",\"description\":\"Empresa de servicios de aseo\",\"publisher\":{\"@id\":\"https:\\\/\\\/www.eminser.com.co\\\/web\\\/#organization\"},\"potentialAction\":[{\"@type\":\"SearchAction\",\"target\":{\"@type\":\"EntryPoint\",\"urlTemplate\":\"https:\\\/\\\/www.eminser.com.co\\\/web\\\/?s={search_term_string}\"},\"query-input\":{\"@type\":\"PropertyValueSpecification\",\"valueRequired\":true,\"valueName\":\"search_term_string\"}}],\"inLanguage\":\"es\"},{\"@type\":\"Organization\",\"@id\":\"https:\\\/\\\/www.eminser.com.co\\\/web\\\/#organization\",\"name\":\"Eminser S.A.S\",\"url\":\"https:\\\/\\\/www.eminser.com.co\\\/web\\\/\",\"logo\":{\"@type\":\"ImageObject\",\"inLanguage\":\"es\",\"@id\":\"https:\\\/\\\/www.eminser.com.co\\\/web\\\/#\\\/schema\\\/logo\\\/image\\\/\",\"url\":\"https:\\\/\\\/www.eminser.com.co\\\/web\\\/wp-content\\\/uploads\\\/2022\\\/08\\\/Recurso-2.png\",\"contentUrl\":\"https:\\\/\\\/www.eminser.com.co\\\/web\\\/wp-content\\\/uploads\\\/2022\\\/08\\\/Recurso-2.png\",\"width\":1788,\"height\":805,\"caption\":\"Eminser S.A.S\"},\"image\":{\"@id\":\"https:\\\/\\\/www.eminser.com.co\\\/web\\\/#\\\/schema\\\/logo\\\/image\\\/\"},\"sameAs\":[\"https:\\\/\\\/www.facebook.com\\\/eminser.sas1\",\"https:\\\/\\\/www.instagram.com\\\/eminser.sas\\\/\",\"https:\\\/\\\/www.linkedin.com\\\/company\\\/eminser\\\/\"]},{\"@type\":\"Person\",\"@id\":\"https:\\\/\\\/www.eminser.com.co\\\/web\\\/#\\\/schema\\\/person\\\/880519565c85bd8140773a16b1e6cf1c\",\"name\":\"Julian Felipe\",\"image\":{\"@type\":\"ImageObject\",\"inLanguage\":\"es\",\"@id\":\"https:\\\/\\\/secure.gravatar.com\\\/avatar\\\/1a51cc1655a902c5b1978ccee07c3890b923ef893962d606b3aaab1de765d15d?s=96&d=mm&r=g\",\"url\":\"https:\\\/\\\/secure.gravatar.com\\\/avatar\\\/1a51cc1655a902c5b1978ccee07c3890b923ef893962d606b3aaab1de765d15d?s=96&d=mm&r=g\",\"contentUrl\":\"https:\\\/\\\/secure.gravatar.com\\\/avatar\\\/1a51cc1655a902c5b1978ccee07c3890b923ef893962d606b3aaab1de765d15d?s=96&d=mm&r=g\",\"caption\":\"Julian Felipe\"}}]}<\/script>\n<!-- \/ Yoast SEO plugin. -->","yoast_head_json":{"title":"Homenaje a Madres Cabeza de Familia - Eminser","description":"En Eminser, valoramos la diversidad y la igualdad de oportunidades. Reconocemos el esfuerzo y la dedicaci\u00f3n de todas nuestras colaboradoras, y especialmente el de las madres cabeza de familia, quienes aportan una perspectiva \u00fanica y enriquecedora a nuestro equipo. Queremos que sus voces sean escuchadas, que sus historias sean compartidas y que su ejemplo inspire a otros a perseguir sus sue\u00f1os y metas, sin importar las circunstancias que enfrenten en la vida.","robots":{"index":"index","follow":"follow","max-snippet":"max-snippet:-1","max-image-preview":"max-image-preview:large","max-video-preview":"max-video-preview:-1"},"canonical":"https:\/\/www.eminser.com.co\/web\/madres-cabeza-de-familia-eminser\/","og_locale":"es_ES","og_type":"article","og_title":"Homenaje a Madres Cabeza de Familia - Eminser","og_description":"En Eminser, valoramos la diversidad y la igualdad de oportunidades. Reconocemos el esfuerzo y la dedicaci\u00f3n de todas nuestras colaboradoras, y especialmente el de las madres cabeza de familia, quienes aportan una perspectiva \u00fanica y enriquecedora a nuestro equipo. Queremos que sus voces sean escuchadas, que sus historias sean compartidas y que su ejemplo inspire a otros a perseguir sus sue\u00f1os y metas, sin importar las circunstancias que enfrenten en la vida.","og_url":"https:\/\/www.eminser.com.co\/web\/madres-cabeza-de-familia-eminser\/","og_site_name":"Eminser","article_publisher":"https:\/\/www.facebook.com\/eminser.sas1","article_published_time":"2023-07-01T08:00:50+00:00","article_modified_time":"2023-08-08T15:56:39+00:00","og_image":[{"width":1250,"height":1250,"url":"https:\/\/www.eminser.com.co\/web\/wp-content\/uploads\/2023\/01\/Portadas-Blog_Mesa-de-trabajo-1.png","type":"image\/png"}],"author":"Julian Felipe","twitter_card":"summary_large_image","twitter_misc":{"Escrito por":"Julian Felipe","Tiempo de lectura":"2 minutos"},"schema":{"@context":"https:\/\/schema.org","@graph":[{"@type":"Article","@id":"https:\/\/www.eminser.com.co\/web\/madres-cabeza-de-familia-eminser\/#article","isPartOf":{"@id":"https:\/\/www.eminser.com.co\/web\/madres-cabeza-de-familia-eminser\/"},"author":{"name":"Julian Felipe","@id":"https:\/\/www.eminser.com.co\/web\/#\/schema\/person\/880519565c85bd8140773a16b1e6cf1c"},"headline":"Homenaje a Madres Cabeza de Familia","datePublished":"2023-07-01T08:00:50+00:00","dateModified":"2023-08-08T15:56:39+00:00","mainEntityOfPage":{"@id":"https:\/\/www.eminser.com.co\/web\/madres-cabeza-de-familia-eminser\/"},"wordCount":376,"publisher":{"@id":"https:\/\/www.eminser.com.co\/web\/#organization"},"image":{"@id":"https:\/\/www.eminser.com.co\/web\/madres-cabeza-de-familia-eminser\/#primaryimage"},"thumbnailUrl":"https:\/\/www.eminser.com.co\/web\/wp-content\/uploads\/2023\/01\/Portadas-Blog_Mesa-de-trabajo-1.png","articleSection":["Colaboradores"],"inLanguage":"es"},{"@type":"WebPage","@id":"https:\/\/www.eminser.com.co\/web\/madres-cabeza-de-familia-eminser\/","url":"https:\/\/www.eminser.com.co\/web\/madres-cabeza-de-familia-eminser\/","name":"Homenaje a Madres Cabeza de Familia - Eminser","isPartOf":{"@id":"https:\/\/www.eminser.com.co\/web\/#website"},"primaryImageOfPage":{"@id":"https:\/\/www.eminser.com.co\/web\/madres-cabeza-de-familia-eminser\/#primaryimage"},"image":{"@id":"https:\/\/www.eminser.com.co\/web\/madres-cabeza-de-familia-eminser\/#primaryimage"},"thumbnailUrl":"https:\/\/www.eminser.com.co\/web\/wp-content\/uploads\/2023\/01\/Portadas-Blog_Mesa-de-trabajo-1.png","datePublished":"2023-07-01T08:00:50+00:00","dateModified":"2023-08-08T15:56:39+00:00","description":"En Eminser, valoramos la diversidad y la igualdad de oportunidades. Reconocemos el esfuerzo y la dedicaci\u00f3n de todas nuestras colaboradoras, y especialmente el de las madres cabeza de familia, quienes aportan una perspectiva \u00fanica y enriquecedora a nuestro equipo. Queremos que sus voces sean escuchadas, que sus historias sean compartidas y que su ejemplo inspire a otros a perseguir sus sue\u00f1os y metas, sin importar las circunstancias que enfrenten en la vida.","breadcrumb":{"@id":"https:\/\/www.eminser.com.co\/web\/madres-cabeza-de-familia-eminser\/#breadcrumb"},"inLanguage":"es","potentialAction":[{"@type":"ReadAction","target":["https:\/\/www.eminser.com.co\/web\/madres-cabeza-de-familia-eminser\/"]}]},{"@type":"ImageObject","inLanguage":"es","@id":"https:\/\/www.eminser.com.co\/web\/madres-cabeza-de-familia-eminser\/#primaryimage","url":"https:\/\/www.eminser.com.co\/web\/wp-content\/uploads\/2023\/01\/Portadas-Blog_Mesa-de-trabajo-1.png","contentUrl":"https:\/\/www.eminser.com.co\/web\/wp-content\/uploads\/2023\/01\/Portadas-Blog_Mesa-de-trabajo-1.png","width":1250,"height":1250},{"@type":"BreadcrumbList","@id":"https:\/\/www.eminser.com.co\/web\/madres-cabeza-de-familia-eminser\/#breadcrumb","itemListElement":[{"@type":"ListItem","position":1,"name":"Portada","item":"https:\/\/www.eminser.com.co\/web\/"},{"@type":"ListItem","position":2,"name":"Homenaje a Madres Cabeza de Familia"}]},{"@type":"WebSite","@id":"https:\/\/www.eminser.com.co\/web\/#website","url":"https:\/\/www.eminser.com.co\/web\/","name":"Eminser S.A.S","description":"Empresa de servicios de aseo","publisher":{"@id":"https:\/\/www.eminser.com.co\/web\/#organization"},"potentialAction":[{"@type":"SearchAction","target":{"@type":"EntryPoint","urlTemplate":"https:\/\/www.eminser.com.co\/web\/?s={search_term_string}"},"query-input":{"@type":"PropertyValueSpecification","valueRequired":true,"valueName":"search_term_string"}}],"inLanguage":"es"},{"@type":"Organization","@id":"https:\/\/www.eminser.com.co\/web\/#organization","name":"Eminser S.A.S","url":"https:\/\/www.eminser.com.co\/web\/","logo":{"@type":"ImageObject","inLanguage":"es","@id":"https:\/\/www.eminser.com.co\/web\/#\/schema\/logo\/image\/","url":"https:\/\/www.eminser.com.co\/web\/wp-content\/uploads\/2022\/08\/Recurso-2.png","contentUrl":"https:\/\/www.eminser.com.co\/web\/wp-content\/uploads\/2022\/08\/Recurso-2.png","width":1788,"height":805,"caption":"Eminser S.A.S"},"image":{"@id":"https:\/\/www.eminser.com.co\/web\/#\/schema\/logo\/image\/"},"sameAs":["https:\/\/www.facebook.com\/eminser.sas1","https:\/\/www.instagram.com\/eminser.sas\/","https:\/\/www.linkedin.com\/company\/eminser\/"]},{"@type":"Person","@id":"https:\/\/www.eminser.com.co\/web\/#\/schema\/person\/880519565c85bd8140773a16b1e6cf1c","name":"Julian Felipe","image":{"@type":"ImageObject","inLanguage":"es","@id":"https:\/\/secure.gravatar.com\/avatar\/1a51cc1655a902c5b1978ccee07c3890b923ef893962d606b3aaab1de765d15d?s=96&d=mm&r=g","url":"https:\/\/secure.gravatar.com\/avatar\/1a51cc1655a902c5b1978ccee07c3890b923ef893962d606b3aaab1de765d15d?s=96&d=mm&r=g","contentUrl":"https:\/\/secure.gravatar.com\/avatar\/1a51cc1655a902c5b1978ccee07c3890b923ef893962d606b3aaab1de765d15d?s=96&d=mm&r=g","caption":"Julian Felipe"}}]}},"amp_enabled":true,"rttpg_featured_image_url":{"full":["https:\/\/www.eminser.com.co\/web\/wp-content\/uploads\/2023\/01\/Portadas-Blog_Mesa-de-trabajo-1.png",1250,1250,false],"landscape":["https:\/\/www.eminser.com.co\/web\/wp-content\/uploads\/2023\/01\/Portadas-Blog_Mesa-de-trabajo-1.png",1250,1250,false],"portraits":["https:\/\/www.eminser.com.co\/web\/wp-content\/uploads\/2023\/01\/Portadas-Blog_Mesa-de-trabajo-1.png",1250,1250,false],"thumbnail":["https:\/\/www.eminser.com.co\/web\/wp-content\/uploads\/2023\/01\/Portadas-Blog_Mesa-de-trabajo-1-150x150.png",150,150,true],"medium":["https:\/\/www.eminser.com.co\/web\/wp-content\/uploads\/2023\/01\/Portadas-Blog_Mesa-de-trabajo-1-300x300.png",300,300,true],"large":["https:\/\/www.eminser.com.co\/web\/wp-content\/uploads\/2023\/01\/Portadas-Blog_Mesa-de-trabajo-1-1024x1024.png",1024,1024,true],"1536x1536":["https:\/\/www.eminser.com.co\/web\/wp-content\/uploads\/2023\/01\/Portadas-Blog_Mesa-de-trabajo-1.png",1250,1250,false],"2048x2048":["https:\/\/www.eminser.com.co\/web\/wp-content\/uploads\/2023\/01\/Portadas-Blog_Mesa-de-trabajo-1.png",1250,1250,false],"qi_addons_for_elementor_image_size_square":["https:\/\/www.eminser.com.co\/web\/wp-content\/uploads\/2023\/01\/Portadas-Blog_Mesa-de-trabajo-1-650x650.png",650,650,true],"qi_addons_for_elementor_image_size_landscape":["https:\/\/www.eminser.com.co\/web\/wp-content\/uploads\/2023\/01\/Portadas-Blog_Mesa-de-trabajo-1-1250x650.png",1250,650,true],"qi_addons_for_elementor_image_size_portrait":["https:\/\/www.eminser.com.co\/web\/wp-content\/uploads\/2023\/01\/Portadas-Blog_Mesa-de-trabajo-1-650x1250.png",650,1250,true],"qi_addons_for_elementor_image_size_huge-square":["https:\/\/www.eminser.com.co\/web\/wp-content\/uploads\/2023\/01\/Portadas-Blog_Mesa-de-trabajo-1.png",1250,1250,false]},"rttpg_author":{"display_name":"Julian Felipe","author_link":"https:\/\/www.eminser.com.co\/web\/author\/eminser\/"},"rttpg_comment":0,"rttpg_category":"<a href=\"https:\/\/www.eminser.com.co\/web\/colaboradores\/\" rel=\"category tag\">Colaboradores<\/a>","rttpg_excerpt":"Eminser: Empoderando a Madres Cabeza de Familia Este mes, en Eminser, hemos decidido dedicar el espacio en nuestras redes sociales a las madres cabeza de familia que forman parte fundamental de nuestra compa\u00f1\u00eda. Esta iniciativa surge con el objetivo de reconocer y honrar la valiosa labor de estas mujeres, quienes representan el 85% de las&hellip;","_links":{"self":[{"href":"https:\/\/www.eminser.com.co\/web\/wp-json\/wp\/v2\/posts\/6633","targetHints":{"allow":["GET"]}}],"collection":[{"href":"https:\/\/www.eminser.com.co\/web\/wp-json\/wp\/v2\/posts"}],"about":[{"href":"https:\/\/www.eminser.com.co\/web\/wp-json\/wp\/v2\/types\/post"}],"author":[{"embeddable":true,"href":"https:\/\/www.eminser.com.co\/web\/wp-json\/wp\/v2\/users\/1"}],"replies":[{"embeddable":true,"href":"https:\/\/www.eminser.com.co\/web\/wp-json\/wp\/v2\/comments?post=6633"}],"version-history":[{"count":4,"href":"https:\/\/www.eminser.com.co\/web\/wp-json\/wp\/v2\/posts\/6633\/revisions"}],"predecessor-version":[{"id":6645,"href":"https:\/\/www.eminser.com.co\/web\/wp-json\/wp\/v2\/posts\/6633\/revisions\/6645"}],"wp:featuredmedia":[{"embeddable":true,"href":"https:\/\/www.eminser.com.co\/web\/wp-json\/wp\/v2\/media\/6753"}],"wp:attachment":[{"href":"https:\/\/www.eminser.com.co\/web\/wp-json\/wp\/v2\/media?parent=6633"}],"wp:term":[{"taxonomy":"category","embeddable":true,"href":"https:\/\/www.eminser.com.co\/web\/wp-json\/wp\/v2\/categories?post=6633"},{"taxonomy":"post_tag","embeddable":true,"href":"https:\/\/www.eminser.com.co\/web\/wp-json\/wp\/v2\/tags?post=6633"}],"curies":[{"name":"wp","href":"https:\/\/api.w.org\/{rel}","templated":true}]}}