{"id":153,"date":"2022-11-22T00:00:07","date_gmt":"2022-11-21T19:00:07","guid":{"rendered":"http:\/\/www.eminser.com.co\/web\/?p=153"},"modified":"2022-12-04T00:25:51","modified_gmt":"2022-12-03T19:25:51","slug":"aniversario-eminser","status":"publish","type":"post","link":"https:\/\/www.eminser.com.co\/web\/aniversario-eminser\/","title":{"rendered":"Aniversario 25 a\u00f1os"},"content":{"rendered":"\t\t<div data-elementor-type=\"wp-post\" data-elementor-id=\"153\" class=\"elementor elementor-153\">\n\t\t\t\t\t\t<section class=\"elementor-section elementor-top-section elementor-element elementor-element-2c3342f1 elementor-section-boxed elementor-section-height-default elementor-section-height-default wpr-particle-no wpr-jarallax-no wpr-parallax-no wpr-sticky-section-no wpr-column-slider-no wpr-equal-height-no\" data-id=\"2c3342f1\" data-element_type=\"section\" data-e-type=\"section\">\n\t\t\t\t\t\t<div class=\"elementor-container elementor-column-gap-default\">\n\t\t\t\t\t<div class=\"elementor-column elementor-col-100 elementor-top-column elementor-element elementor-element-487a4180\" data-id=\"487a4180\" data-element_type=\"column\" data-e-type=\"column\">\n\t\t\t<div class=\"elementor-widget-wrap elementor-element-populated\">\n\t\t\t\t\t\t<div class=\"elementor-element elementor-element-63a09408 elementor-widget elementor-widget-text-editor\" data-id=\"63a09408\" data-element_type=\"widget\" data-e-type=\"widget\" data-widget_type=\"text-editor.default\">\n\t\t\t\t<div class=\"elementor-widget-container\">\n\t\t\t\t\t\t\t\t\t<p><span style=\"font-family: mongolian-baiti;\">EMINSER S.A.S, empresa que se cre\u00f3 en 1997, inicialmente con 1 operaria de aseo,\u00a0 y en la actualidad genera m\u00e1s de 1500 puestos de trabajo impactando positivamente a las familias de nuestros colaboradores.<\/span><\/p><p><span style=\"font-family: mongolian-baiti;\">Seg\u00fan articulo del diario La Rep\u00fablica, en esta industria existen tan solo 120 compa\u00f1\u00edas que estan legalmente constituidas en Colombia y que operan bajo el modelo del empleo formal y una de esas es EMINSER S.A.S, que adem\u00e1s de hace parte de las 80 empresas agremiadas en la Federaci\u00f3n Nacional de Empresas de Aseo (FENASEO). <\/span><\/p><p><span style=\"font-family: mongolian-baiti;\">EMINSER es una de las tantas empresas colombianas que el pasado 4 de agosto cumpli\u00f3 25 a\u00f1os en el mercado prestando los servicios de aseo, cafeter\u00eda, mantenimientos b\u00e1sicos, mantenimientos especializados, servicios especiales como jardiner\u00eda, fumigaci\u00f3n, lavado de tanques y\u00a0 lavado de fachadas para los diferentes sectores p\u00fablicos y privados.<\/span><\/p>\t\t\t\t\t\t\t\t<\/div>\n\t\t\t\t<\/div>\n\t\t\t\t\t<\/div>\n\t\t<\/div>\n\t\t\t\t\t<\/div>\n\t\t<\/section>\n\t\t\t\t<section class=\"elementor-section elementor-top-section elementor-element elementor-element-be66c0e elementor-section-height-min-height elementor-section-boxed elementor-section-height-default elementor-section-items-middle wpr-particle-no wpr-jarallax-no wpr-parallax-no wpr-sticky-section-no wpr-column-slider-no wpr-equal-height-no\" data-id=\"be66c0e\" data-element_type=\"section\" data-e-type=\"section\">\n\t\t\t\t\t\t<div class=\"elementor-container elementor-column-gap-default\">\n\t\t\t\t\t<div class=\"elementor-column elementor-col-100 elementor-top-column elementor-element elementor-element-c2229df\" data-id=\"c2229df\" data-element_type=\"column\" data-e-type=\"column\">\n\t\t\t<div class=\"elementor-widget-wrap elementor-element-populated\">\n\t\t\t\t\t\t<div class=\"elementor-element elementor-element-ced24ef elementor-arrows-position-inside elementor-pagination-position-outside elementor-widget elementor-widget-image-carousel\" data-id=\"ced24ef\" data-element_type=\"widget\" data-e-type=\"widget\" data-settings=\"{&quot;slides_to_show&quot;:&quot;2&quot;,&quot;navigation&quot;:&quot;both&quot;,&quot;autoplay&quot;:&quot;yes&quot;,&quot;pause_on_hover&quot;:&quot;yes&quot;,&quot;pause_on_interaction&quot;:&quot;yes&quot;,&quot;autoplay_speed&quot;:5000,&quot;infinite&quot;:&quot;yes&quot;,&quot;speed&quot;:500}\" data-widget_type=\"image-carousel.default\">\n\t\t\t\t<div class=\"elementor-widget-container\">\n\t\t\t\t\t\t\t<div class=\"elementor-image-carousel-wrapper swiper\" role=\"region\" aria-roledescription=\"carousel\" aria-label=\"Carrusel de im\u00e1genes\" dir=\"ltr\">\n\t\t\t<div class=\"elementor-image-carousel swiper-wrapper swiper-image-stretch\" aria-live=\"off\">\n\t\t\t\t\t\t\t\t<div class=\"swiper-slide\" role=\"group\" aria-roledescription=\"slide\" aria-label=\"1 de 4\"><figure class=\"swiper-slide-inner\"><img decoding=\"async\" class=\"swiper-slide-image\" src=\"https:\/\/www.eminser.com.co\/web\/wp-content\/uploads\/2022\/11\/DSC_0008-scaled.jpg\" alt=\"DSC_0008\" \/><\/figure><\/div><div class=\"swiper-slide\" role=\"group\" aria-roledescription=\"slide\" aria-label=\"2 de 4\"><figure class=\"swiper-slide-inner\"><img decoding=\"async\" class=\"swiper-slide-image\" src=\"https:\/\/www.eminser.com.co\/web\/wp-content\/uploads\/2022\/11\/DSC_0079-scaled.jpg\" alt=\"DSC_0079\" \/><\/figure><\/div><div class=\"swiper-slide\" role=\"group\" aria-roledescription=\"slide\" aria-label=\"3 de 4\"><figure class=\"swiper-slide-inner\"><img decoding=\"async\" class=\"swiper-slide-image\" src=\"https:\/\/www.eminser.com.co\/web\/wp-content\/uploads\/2022\/11\/DSC_0135-scaled.jpg\" alt=\"DSC_0135\" \/><\/figure><\/div><div class=\"swiper-slide\" role=\"group\" aria-roledescription=\"slide\" aria-label=\"4 de 4\"><figure class=\"swiper-slide-inner\"><img decoding=\"async\" class=\"swiper-slide-image\" src=\"https:\/\/www.eminser.com.co\/web\/wp-content\/uploads\/2022\/11\/IMG_63057777-scaled.jpg\" alt=\"IMG_63057777}\" \/><\/figure><\/div>\t\t\t<\/div>\n\t\t\t\t\t\t\t\t\t\t\t\t<div class=\"elementor-swiper-button elementor-swiper-button-prev\" role=\"button\" tabindex=\"0\">\n\t\t\t\t\t\t<i aria-hidden=\"true\" class=\"eicon-chevron-left\"><\/i>\t\t\t\t\t<\/div>\n\t\t\t\t\t<div class=\"elementor-swiper-button elementor-swiper-button-next\" role=\"button\" tabindex=\"0\">\n\t\t\t\t\t\t<i aria-hidden=\"true\" class=\"eicon-chevron-right\"><\/i>\t\t\t\t\t<\/div>\n\t\t\t\t\n\t\t\t\t\t\t\t\t\t<div class=\"swiper-pagination\"><\/div>\n\t\t\t\t\t\t\t\t\t<\/div>\n\t\t\t\t\t\t<\/div>\n\t\t\t\t<\/div>\n\t\t\t\t\t<\/div>\n\t\t<\/div>\n\t\t\t\t\t<\/div>\n\t\t<\/section>\n\t\t\t\t<\/div>\n\t\t","protected":false},"excerpt":{"rendered":"<p>EMINSER S.A.S, empresa que se cre\u00f3 en 1997, inicialmente con 1 operaria de aseo,\u00a0 y en la actualidad genera m\u00e1s de 1500 puestos de trabajo impactando positivamente a las familias de nuestros colaboradores. Seg\u00fan articulo del diario La Rep\u00fablica, en esta industria existen tan solo 120 compa\u00f1\u00edas que estan legalmente constituidas en Colombia y que operan bajo el modelo del empleo formal y una de esas es EMINSER S.A.S, que adem\u00e1s de hace parte de las 80 empresas agremiadas en la Federaci\u00f3n Nacional de Empresas de Aseo (FENASEO). EMINSER es una de las tantas empresas colombianas que el pasado 4 de agosto cumpli\u00f3 25 a\u00f1os en el mercado prestando los servicios de aseo, cafeter\u00eda, mantenimientos b\u00e1sicos, mantenimientos especializados, servicios especiales como jardiner\u00eda, fumigaci\u00f3n, lavado de tanques y\u00a0 lavado de fachadas para los diferentes sectores p\u00fablicos y privados. Anterior Siguiente<\/p>\n","protected":false},"author":1,"featured_media":1870,"comment_status":"open","ping_status":"open","sticky":false,"template":"","format":"standard","meta":{"site-sidebar-layout":"default","site-content-layout":"default","ast-site-content-layout":"default","site-content-style":"default","site-sidebar-style":"default","ast-global-header-display":"","ast-banner-title-visibility":"","ast-main-header-display":"","ast-hfb-above-header-display":"","ast-hfb-below-header-display":"","ast-hfb-mobile-header-display":"","site-post-title":"","ast-breadcrumbs-content":"","ast-featured-img":"","footer-sml-layout":"","ast-disable-related-posts":"","theme-transparent-header-meta":"default","adv-header-id-meta":"","stick-header-meta":"","header-above-stick-meta":"","header-main-stick-meta":"","header-below-stick-meta":"","astra-migrate-meta-layouts":"default","ast-page-background-enabled":"default","ast-page-background-meta":{"desktop":{"background-color":"var(--ast-global-color-4)","background-image":"","background-repeat":"repeat","background-position":"center center","background-size":"auto","background-attachment":"scroll","background-type":"","background-media":"","overlay-type":"","overlay-color":"","overlay-opacity":"","overlay-gradient":""},"tablet":{"background-color":"","background-image":"","background-repeat":"repeat","background-position":"center center","background-size":"auto","background-attachment":"scroll","background-type":"","background-media":"","overlay-type":"","overlay-color":"","overlay-opacity":"","overlay-gradient":""},"mobile":{"background-color":"","background-image":"","background-repeat":"repeat","background-position":"center center","background-size":"auto","background-attachment":"scroll","background-type":"","background-media":"","overlay-type":"","overlay-color":"","overlay-opacity":"","overlay-gradient":""}},"ast-content-background-meta":{"desktop":{"background-color":"var(--ast-global-color-5)","background-image":"","background-repeat":"repeat","background-position":"center center","background-size":"auto","background-attachment":"scroll","background-type":"","background-media":"","overlay-type":"","overlay-color":"","overlay-opacity":"","overlay-gradient":""},"tablet":{"background-color":"var(--ast-global-color-5)","background-image":"","background-repeat":"repeat","background-position":"center center","background-size":"auto","background-attachment":"scroll","background-type":"","background-media":"","overlay-type":"","overlay-color":"","overlay-opacity":"","overlay-gradient":""},"mobile":{"background-color":"var(--ast-global-color-5)","background-image":"","background-repeat":"repeat","background-position":"center center","background-size":"auto","background-attachment":"scroll","background-type":"","background-media":"","overlay-type":"","overlay-color":"","overlay-opacity":"","overlay-gradient":""}},"footnotes":""},"categories":[19],"tags":[],"class_list":["post-153","post","type-post","status-publish","format-standard","has-post-thumbnail","hentry","category-eventos"],"yoast_head":"<!-- This site is optimized with the Yoast SEO plugin v28.4 - https:\/\/yoast.com\/product\/yoast-seo-wordpress\/ -->\n<title>Aniversario 25 a\u00f1os - Eminser<\/title>\n<meta name=\"robots\" content=\"index, follow, max-snippet:-1, max-image-preview:large, max-video-preview:-1\" \/>\n<link rel=\"canonical\" href=\"https:\/\/www.eminser.com.co\/web\/aniversario-eminser\/\" \/>\n<meta property=\"og:locale\" content=\"es_ES\" \/>\n<meta property=\"og:type\" content=\"article\" \/>\n<meta property=\"og:title\" content=\"Aniversario 25 a\u00f1os - Eminser\" \/>\n<meta property=\"og:description\" content=\"EMINSER S.A.S, empresa que se cre\u00f3 en 1997, inicialmente con 1 operaria de aseo,\u00a0 y en la actualidad genera m\u00e1s de 1500 puestos de trabajo impactando positivamente a las familias de nuestros colaboradores. Seg\u00fan articulo del diario La Rep\u00fablica, en esta industria existen tan solo 120 compa\u00f1\u00edas que estan legalmente constituidas en Colombia y que operan bajo el modelo del empleo formal y una de esas es EMINSER S.A.S, que adem\u00e1s de hace parte de las 80 empresas agremiadas en la Federaci\u00f3n Nacional de Empresas de Aseo (FENASEO). EMINSER es una de las tantas empresas colombianas que el pasado 4 de agosto cumpli\u00f3 25 a\u00f1os en el mercado prestando los servicios de aseo, cafeter\u00eda, mantenimientos b\u00e1sicos, mantenimientos especializados, servicios especiales como jardiner\u00eda, fumigaci\u00f3n, lavado de tanques y\u00a0 lavado de fachadas para los diferentes sectores p\u00fablicos y privados. Anterior Siguiente\" \/>\n<meta property=\"og:url\" content=\"https:\/\/www.eminser.com.co\/web\/aniversario-eminser\/\" \/>\n<meta property=\"og:site_name\" content=\"Eminser\" \/>\n<meta property=\"article:publisher\" content=\"https:\/\/www.facebook.com\/eminser.sas1\" \/>\n<meta property=\"article:published_time\" content=\"2022-11-21T19:00:07+00:00\" \/>\n<meta property=\"article:modified_time\" content=\"2022-12-03T19:25:51+00:00\" \/>\n<meta property=\"og:image\" content=\"https:\/\/www.eminser.com.co\/web\/wp-content\/uploads\/2022\/08\/Foto-de-perfil-Eminser-25-anos.png\" \/>\n\t<meta property=\"og:image:width\" content=\"300\" \/>\n\t<meta property=\"og:image:height\" content=\"300\" \/>\n\t<meta property=\"og:image:type\" content=\"image\/png\" \/>\n<meta name=\"author\" content=\"Julian Felipe\" \/>\n<meta name=\"twitter:card\" content=\"summary_large_image\" \/>\n<meta name=\"twitter:label1\" content=\"Escrito por\" \/>\n\t<meta name=\"twitter:data1\" content=\"Julian Felipe\" \/>\n\t<meta name=\"twitter:label2\" content=\"Tiempo de lectura\" \/>\n\t<meta name=\"twitter:data2\" content=\"3 minutos\" \/>\n<script type=\"application\/ld+json\" class=\"yoast-schema-graph\">{\"@context\":\"https:\\\/\\\/schema.org\",\"@graph\":[{\"@type\":\"Article\",\"@id\":\"https:\\\/\\\/www.eminser.com.co\\\/web\\\/aniversario-eminser\\\/#article\",\"isPartOf\":{\"@id\":\"https:\\\/\\\/www.eminser.com.co\\\/web\\\/aniversario-eminser\\\/\"},\"author\":{\"name\":\"Julian Felipe\",\"@id\":\"https:\\\/\\\/www.eminser.com.co\\\/web\\\/#\\\/schema\\\/person\\\/880519565c85bd8140773a16b1e6cf1c\"},\"headline\":\"Aniversario 25 a\u00f1os\",\"datePublished\":\"2022-11-21T19:00:07+00:00\",\"dateModified\":\"2022-12-03T19:25:51+00:00\",\"mainEntityOfPage\":{\"@id\":\"https:\\\/\\\/www.eminser.com.co\\\/web\\\/aniversario-eminser\\\/\"},\"wordCount\":151,\"commentCount\":0,\"publisher\":{\"@id\":\"https:\\\/\\\/www.eminser.com.co\\\/web\\\/#organization\"},\"image\":{\"@id\":\"https:\\\/\\\/www.eminser.com.co\\\/web\\\/aniversario-eminser\\\/#primaryimage\"},\"thumbnailUrl\":\"https:\\\/\\\/www.eminser.com.co\\\/web\\\/wp-content\\\/uploads\\\/2022\\\/08\\\/Foto-de-perfil-Eminser-25-anos.png\",\"articleSection\":[\"Eventos\"],\"inLanguage\":\"es\",\"potentialAction\":[{\"@type\":\"CommentAction\",\"name\":\"Comment\",\"target\":[\"https:\\\/\\\/www.eminser.com.co\\\/web\\\/aniversario-eminser\\\/#respond\"]}]},{\"@type\":\"WebPage\",\"@id\":\"https:\\\/\\\/www.eminser.com.co\\\/web\\\/aniversario-eminser\\\/\",\"url\":\"https:\\\/\\\/www.eminser.com.co\\\/web\\\/aniversario-eminser\\\/\",\"name\":\"Aniversario 25 a\u00f1os - Eminser\",\"isPartOf\":{\"@id\":\"https:\\\/\\\/www.eminser.com.co\\\/web\\\/#website\"},\"primaryImageOfPage\":{\"@id\":\"https:\\\/\\\/www.eminser.com.co\\\/web\\\/aniversario-eminser\\\/#primaryimage\"},\"image\":{\"@id\":\"https:\\\/\\\/www.eminser.com.co\\\/web\\\/aniversario-eminser\\\/#primaryimage\"},\"thumbnailUrl\":\"https:\\\/\\\/www.eminser.com.co\\\/web\\\/wp-content\\\/uploads\\\/2022\\\/08\\\/Foto-de-perfil-Eminser-25-anos.png\",\"datePublished\":\"2022-11-21T19:00:07+00:00\",\"dateModified\":\"2022-12-03T19:25:51+00:00\",\"breadcrumb\":{\"@id\":\"https:\\\/\\\/www.eminser.com.co\\\/web\\\/aniversario-eminser\\\/#breadcrumb\"},\"inLanguage\":\"es\",\"potentialAction\":[{\"@type\":\"ReadAction\",\"target\":[\"https:\\\/\\\/www.eminser.com.co\\\/web\\\/aniversario-eminser\\\/\"]}]},{\"@type\":\"ImageObject\",\"inLanguage\":\"es\",\"@id\":\"https:\\\/\\\/www.eminser.com.co\\\/web\\\/aniversario-eminser\\\/#primaryimage\",\"url\":\"https:\\\/\\\/www.eminser.com.co\\\/web\\\/wp-content\\\/uploads\\\/2022\\\/08\\\/Foto-de-perfil-Eminser-25-anos.png\",\"contentUrl\":\"https:\\\/\\\/www.eminser.com.co\\\/web\\\/wp-content\\\/uploads\\\/2022\\\/08\\\/Foto-de-perfil-Eminser-25-anos.png\",\"width\":300,\"height\":300},{\"@type\":\"BreadcrumbList\",\"@id\":\"https:\\\/\\\/www.eminser.com.co\\\/web\\\/aniversario-eminser\\\/#breadcrumb\",\"itemListElement\":[{\"@type\":\"ListItem\",\"position\":1,\"name\":\"Portada\",\"item\":\"https:\\\/\\\/www.eminser.com.co\\\/web\\\/\"},{\"@type\":\"ListItem\",\"position\":2,\"name\":\"Aniversario 25 a\u00f1os\"}]},{\"@type\":\"WebSite\",\"@id\":\"https:\\\/\\\/www.eminser.com.co\\\/web\\\/#website\",\"url\":\"https:\\\/\\\/www.eminser.com.co\\\/web\\\/\",\"name\":\"Eminser S.A.S\",\"description\":\"Empresa de servicios de aseo\",\"publisher\":{\"@id\":\"https:\\\/\\\/www.eminser.com.co\\\/web\\\/#organization\"},\"potentialAction\":[{\"@type\":\"SearchAction\",\"target\":{\"@type\":\"EntryPoint\",\"urlTemplate\":\"https:\\\/\\\/www.eminser.com.co\\\/web\\\/?s={search_term_string}\"},\"query-input\":{\"@type\":\"PropertyValueSpecification\",\"valueRequired\":true,\"valueName\":\"search_term_string\"}}],\"inLanguage\":\"es\"},{\"@type\":\"Organization\",\"@id\":\"https:\\\/\\\/www.eminser.com.co\\\/web\\\/#organization\",\"name\":\"Eminser S.A.S\",\"url\":\"https:\\\/\\\/www.eminser.com.co\\\/web\\\/\",\"logo\":{\"@type\":\"ImageObject\",\"inLanguage\":\"es\",\"@id\":\"https:\\\/\\\/www.eminser.com.co\\\/web\\\/#\\\/schema\\\/logo\\\/image\\\/\",\"url\":\"https:\\\/\\\/www.eminser.com.co\\\/web\\\/wp-content\\\/uploads\\\/2022\\\/08\\\/Recurso-2.png\",\"contentUrl\":\"https:\\\/\\\/www.eminser.com.co\\\/web\\\/wp-content\\\/uploads\\\/2022\\\/08\\\/Recurso-2.png\",\"width\":1788,\"height\":805,\"caption\":\"Eminser S.A.S\"},\"image\":{\"@id\":\"https:\\\/\\\/www.eminser.com.co\\\/web\\\/#\\\/schema\\\/logo\\\/image\\\/\"},\"sameAs\":[\"https:\\\/\\\/www.facebook.com\\\/eminser.sas1\",\"https:\\\/\\\/www.instagram.com\\\/eminser.sas\\\/\",\"https:\\\/\\\/www.linkedin.com\\\/company\\\/eminser\\\/\"]},{\"@type\":\"Person\",\"@id\":\"https:\\\/\\\/www.eminser.com.co\\\/web\\\/#\\\/schema\\\/person\\\/880519565c85bd8140773a16b1e6cf1c\",\"name\":\"Julian Felipe\",\"image\":{\"@type\":\"ImageObject\",\"inLanguage\":\"es\",\"@id\":\"https:\\\/\\\/secure.gravatar.com\\\/avatar\\\/1a51cc1655a902c5b1978ccee07c3890b923ef893962d606b3aaab1de765d15d?s=96&d=mm&r=g\",\"url\":\"https:\\\/\\\/secure.gravatar.com\\\/avatar\\\/1a51cc1655a902c5b1978ccee07c3890b923ef893962d606b3aaab1de765d15d?s=96&d=mm&r=g\",\"contentUrl\":\"https:\\\/\\\/secure.gravatar.com\\\/avatar\\\/1a51cc1655a902c5b1978ccee07c3890b923ef893962d606b3aaab1de765d15d?s=96&d=mm&r=g\",\"caption\":\"Julian Felipe\"}}]}<\/script>\n<!-- \/ Yoast SEO plugin. -->","yoast_head_json":{"title":"Aniversario 25 a\u00f1os - Eminser","robots":{"index":"index","follow":"follow","max-snippet":"max-snippet:-1","max-image-preview":"max-image-preview:large","max-video-preview":"max-video-preview:-1"},"canonical":"https:\/\/www.eminser.com.co\/web\/aniversario-eminser\/","og_locale":"es_ES","og_type":"article","og_title":"Aniversario 25 a\u00f1os - Eminser","og_description":"EMINSER S.A.S, empresa que se cre\u00f3 en 1997, inicialmente con 1 operaria de aseo,\u00a0 y en la actualidad genera m\u00e1s de 1500 puestos de trabajo impactando positivamente a las familias de nuestros colaboradores. Seg\u00fan articulo del diario La Rep\u00fablica, en esta industria existen tan solo 120 compa\u00f1\u00edas que estan legalmente constituidas en Colombia y que operan bajo el modelo del empleo formal y una de esas es EMINSER S.A.S, que adem\u00e1s de hace parte de las 80 empresas agremiadas en la Federaci\u00f3n Nacional de Empresas de Aseo (FENASEO). EMINSER es una de las tantas empresas colombianas que el pasado 4 de agosto cumpli\u00f3 25 a\u00f1os en el mercado prestando los servicios de aseo, cafeter\u00eda, mantenimientos b\u00e1sicos, mantenimientos especializados, servicios especiales como jardiner\u00eda, fumigaci\u00f3n, lavado de tanques y\u00a0 lavado de fachadas para los diferentes sectores p\u00fablicos y privados. Anterior Siguiente","og_url":"https:\/\/www.eminser.com.co\/web\/aniversario-eminser\/","og_site_name":"Eminser","article_publisher":"https:\/\/www.facebook.com\/eminser.sas1","article_published_time":"2022-11-21T19:00:07+00:00","article_modified_time":"2022-12-03T19:25:51+00:00","og_image":[{"width":300,"height":300,"url":"https:\/\/www.eminser.com.co\/web\/wp-content\/uploads\/2022\/08\/Foto-de-perfil-Eminser-25-anos.png","type":"image\/png"}],"author":"Julian Felipe","twitter_card":"summary_large_image","twitter_misc":{"Escrito por":"Julian Felipe","Tiempo de lectura":"3 minutos"},"schema":{"@context":"https:\/\/schema.org","@graph":[{"@type":"Article","@id":"https:\/\/www.eminser.com.co\/web\/aniversario-eminser\/#article","isPartOf":{"@id":"https:\/\/www.eminser.com.co\/web\/aniversario-eminser\/"},"author":{"name":"Julian Felipe","@id":"https:\/\/www.eminser.com.co\/web\/#\/schema\/person\/880519565c85bd8140773a16b1e6cf1c"},"headline":"Aniversario 25 a\u00f1os","datePublished":"2022-11-21T19:00:07+00:00","dateModified":"2022-12-03T19:25:51+00:00","mainEntityOfPage":{"@id":"https:\/\/www.eminser.com.co\/web\/aniversario-eminser\/"},"wordCount":151,"commentCount":0,"publisher":{"@id":"https:\/\/www.eminser.com.co\/web\/#organization"},"image":{"@id":"https:\/\/www.eminser.com.co\/web\/aniversario-eminser\/#primaryimage"},"thumbnailUrl":"https:\/\/www.eminser.com.co\/web\/wp-content\/uploads\/2022\/08\/Foto-de-perfil-Eminser-25-anos.png","articleSection":["Eventos"],"inLanguage":"es","potentialAction":[{"@type":"CommentAction","name":"Comment","target":["https:\/\/www.eminser.com.co\/web\/aniversario-eminser\/#respond"]}]},{"@type":"WebPage","@id":"https:\/\/www.eminser.com.co\/web\/aniversario-eminser\/","url":"https:\/\/www.eminser.com.co\/web\/aniversario-eminser\/","name":"Aniversario 25 a\u00f1os - Eminser","isPartOf":{"@id":"https:\/\/www.eminser.com.co\/web\/#website"},"primaryImageOfPage":{"@id":"https:\/\/www.eminser.com.co\/web\/aniversario-eminser\/#primaryimage"},"image":{"@id":"https:\/\/www.eminser.com.co\/web\/aniversario-eminser\/#primaryimage"},"thumbnailUrl":"https:\/\/www.eminser.com.co\/web\/wp-content\/uploads\/2022\/08\/Foto-de-perfil-Eminser-25-anos.png","datePublished":"2022-11-21T19:00:07+00:00","dateModified":"2022-12-03T19:25:51+00:00","breadcrumb":{"@id":"https:\/\/www.eminser.com.co\/web\/aniversario-eminser\/#breadcrumb"},"inLanguage":"es","potentialAction":[{"@type":"ReadAction","target":["https:\/\/www.eminser.com.co\/web\/aniversario-eminser\/"]}]},{"@type":"ImageObject","inLanguage":"es","@id":"https:\/\/www.eminser.com.co\/web\/aniversario-eminser\/#primaryimage","url":"https:\/\/www.eminser.com.co\/web\/wp-content\/uploads\/2022\/08\/Foto-de-perfil-Eminser-25-anos.png","contentUrl":"https:\/\/www.eminser.com.co\/web\/wp-content\/uploads\/2022\/08\/Foto-de-perfil-Eminser-25-anos.png","width":300,"height":300},{"@type":"BreadcrumbList","@id":"https:\/\/www.eminser.com.co\/web\/aniversario-eminser\/#breadcrumb","itemListElement":[{"@type":"ListItem","position":1,"name":"Portada","item":"https:\/\/www.eminser.com.co\/web\/"},{"@type":"ListItem","position":2,"name":"Aniversario 25 a\u00f1os"}]},{"@type":"WebSite","@id":"https:\/\/www.eminser.com.co\/web\/#website","url":"https:\/\/www.eminser.com.co\/web\/","name":"Eminser S.A.S","description":"Empresa de servicios de aseo","publisher":{"@id":"https:\/\/www.eminser.com.co\/web\/#organization"},"potentialAction":[{"@type":"SearchAction","target":{"@type":"EntryPoint","urlTemplate":"https:\/\/www.eminser.com.co\/web\/?s={search_term_string}"},"query-input":{"@type":"PropertyValueSpecification","valueRequired":true,"valueName":"search_term_string"}}],"inLanguage":"es"},{"@type":"Organization","@id":"https:\/\/www.eminser.com.co\/web\/#organization","name":"Eminser S.A.S","url":"https:\/\/www.eminser.com.co\/web\/","logo":{"@type":"ImageObject","inLanguage":"es","@id":"https:\/\/www.eminser.com.co\/web\/#\/schema\/logo\/image\/","url":"https:\/\/www.eminser.com.co\/web\/wp-content\/uploads\/2022\/08\/Recurso-2.png","contentUrl":"https:\/\/www.eminser.com.co\/web\/wp-content\/uploads\/2022\/08\/Recurso-2.png","width":1788,"height":805,"caption":"Eminser S.A.S"},"image":{"@id":"https:\/\/www.eminser.com.co\/web\/#\/schema\/logo\/image\/"},"sameAs":["https:\/\/www.facebook.com\/eminser.sas1","https:\/\/www.instagram.com\/eminser.sas\/","https:\/\/www.linkedin.com\/company\/eminser\/"]},{"@type":"Person","@id":"https:\/\/www.eminser.com.co\/web\/#\/schema\/person\/880519565c85bd8140773a16b1e6cf1c","name":"Julian Felipe","image":{"@type":"ImageObject","inLanguage":"es","@id":"https:\/\/secure.gravatar.com\/avatar\/1a51cc1655a902c5b1978ccee07c3890b923ef893962d606b3aaab1de765d15d?s=96&d=mm&r=g","url":"https:\/\/secure.gravatar.com\/avatar\/1a51cc1655a902c5b1978ccee07c3890b923ef893962d606b3aaab1de765d15d?s=96&d=mm&r=g","contentUrl":"https:\/\/secure.gravatar.com\/avatar\/1a51cc1655a902c5b1978ccee07c3890b923ef893962d606b3aaab1de765d15d?s=96&d=mm&r=g","caption":"Julian Felipe"}}]}},"amp_enabled":true,"rttpg_featured_image_url":{"full":["https:\/\/www.eminser.com.co\/web\/wp-content\/uploads\/2022\/08\/Foto-de-perfil-Eminser-25-anos.png",300,300,false],"landscape":["https:\/\/www.eminser.com.co\/web\/wp-content\/uploads\/2022\/08\/Foto-de-perfil-Eminser-25-anos.png",300,300,false],"portraits":["https:\/\/www.eminser.com.co\/web\/wp-content\/uploads\/2022\/08\/Foto-de-perfil-Eminser-25-anos.png",300,300,false],"thumbnail":["https:\/\/www.eminser.com.co\/web\/wp-content\/uploads\/2022\/08\/Foto-de-perfil-Eminser-25-anos-150x150.png",150,150,true],"medium":["https:\/\/www.eminser.com.co\/web\/wp-content\/uploads\/2022\/08\/Foto-de-perfil-Eminser-25-anos-300x300.png",300,300,true],"large":["https:\/\/www.eminser.com.co\/web\/wp-content\/uploads\/2022\/08\/Foto-de-perfil-Eminser-25-anos.png",300,300,false],"1536x1536":["https:\/\/www.eminser.com.co\/web\/wp-content\/uploads\/2022\/08\/Foto-de-perfil-Eminser-25-anos.png",300,300,false],"2048x2048":["https:\/\/www.eminser.com.co\/web\/wp-content\/uploads\/2022\/08\/Foto-de-perfil-Eminser-25-anos.png",300,300,false],"qi_addons_for_elementor_image_size_square":["https:\/\/www.eminser.com.co\/web\/wp-content\/uploads\/2022\/08\/Foto-de-perfil-Eminser-25-anos.png",300,300,false],"qi_addons_for_elementor_image_size_landscape":["https:\/\/www.eminser.com.co\/web\/wp-content\/uploads\/2022\/08\/Foto-de-perfil-Eminser-25-anos.png",300,300,false],"qi_addons_for_elementor_image_size_portrait":["https:\/\/www.eminser.com.co\/web\/wp-content\/uploads\/2022\/08\/Foto-de-perfil-Eminser-25-anos.png",300,300,false],"qi_addons_for_elementor_image_size_huge-square":["https:\/\/www.eminser.com.co\/web\/wp-content\/uploads\/2022\/08\/Foto-de-perfil-Eminser-25-anos.png",300,300,false]},"rttpg_author":{"display_name":"Julian Felipe","author_link":"https:\/\/www.eminser.com.co\/web\/author\/eminser\/"},"rttpg_comment":0,"rttpg_category":"<a href=\"https:\/\/www.eminser.com.co\/web\/eventos\/\" rel=\"category tag\">Eventos<\/a>","rttpg_excerpt":"EMINSER S.A.S, empresa que se cre\u00f3 en 1997, inicialmente con 1 operaria de aseo,\u00a0 y en la actualidad genera m\u00e1s de 1500 puestos de trabajo impactando positivamente a las familias de nuestros colaboradores. Seg\u00fan articulo del diario La Rep\u00fablica, en esta industria existen tan solo 120 compa\u00f1\u00edas que estan legalmente constituidas en Colombia y que&hellip;","_links":{"self":[{"href":"https:\/\/www.eminser.com.co\/web\/wp-json\/wp\/v2\/posts\/153","targetHints":{"allow":["GET"]}}],"collection":[{"href":"https:\/\/www.eminser.com.co\/web\/wp-json\/wp\/v2\/posts"}],"about":[{"href":"https:\/\/www.eminser.com.co\/web\/wp-json\/wp\/v2\/types\/post"}],"author":[{"embeddable":true,"href":"https:\/\/www.eminser.com.co\/web\/wp-json\/wp\/v2\/users\/1"}],"replies":[{"embeddable":true,"href":"https:\/\/www.eminser.com.co\/web\/wp-json\/wp\/v2\/comments?post=153"}],"version-history":[{"count":0,"href":"https:\/\/www.eminser.com.co\/web\/wp-json\/wp\/v2\/posts\/153\/revisions"}],"wp:featuredmedia":[{"embeddable":true,"href":"https:\/\/www.eminser.com.co\/web\/wp-json\/wp\/v2\/media\/1870"}],"wp:attachment":[{"href":"https:\/\/www.eminser.com.co\/web\/wp-json\/wp\/v2\/media?parent=153"}],"wp:term":[{"taxonomy":"category","embeddable":true,"href":"https:\/\/www.eminser.com.co\/web\/wp-json\/wp\/v2\/categories?post=153"},{"taxonomy":"post_tag","embeddable":true,"href":"https:\/\/www.eminser.com.co\/web\/wp-json\/wp\/v2\/tags?post=153"}],"curies":[{"name":"wp","href":"https:\/\/api.w.org\/{rel}","templated":true}]}}